{"id":432,"date":"2024-01-23T19:46:54","date_gmt":"2024-01-23T22:46:54","guid":{"rendered":"https:\/\/programassociais.net\/?p=432"},"modified":"2024-01-23T19:46:55","modified_gmt":"2024-01-23T22:46:55","slug":"inclusao-digital-acesso-e-oportunidades-na-era-tecnologica","status":"publish","type":"post","link":"https:\/\/programassociais.net\/index.php\/2024\/01\/23\/inclusao-digital-acesso-e-oportunidades-na-era-tecnologica\/","title":{"rendered":"Inclus\u00e3o Digital: Acesso e Oportunidades na Era Tecnol\u00f3gica"},"content":{"rendered":"\n<p>Vivemos em uma \u00e9poca em que a tecnologia desempenha um papel central em quase todos os aspectos de nossas vidas. <\/p>\n\n\n\n<p>Desde a comunica\u00e7\u00e3o at\u00e9 o aprendizado, passando pelo acesso \u00e0 informa\u00e7\u00e3o e oportunidades de emprego, a revolu\u00e7\u00e3o digital transformou radicalmente a maneira como interagimos com o mundo ao nosso redor. <\/p>\n\n\n\n<p>No entanto, \u00e9 crucial reconhecer que essa transforma\u00e7\u00e3o n\u00e3o \u00e9 universalmente compartilhada. Enquanto alguns mergulham plenamente no universo digital, outros enfrentam barreiras significativas para participar dessa revolu\u00e7\u00e3o.<\/p>\n\n\n\n<p>A inclus\u00e3o digital, portanto, transcende a simples conectividade. Envolve a garantia de que todas as camadas da sociedade tenham acesso equitativo \u00e0s ferramentas digitais e, mais do que isso, tenham a capacidade de utiliz\u00e1-las de maneira eficaz. <\/p>\n\n\n\n<p>Nesse contexto, a inclus\u00e3o digital n\u00e3o \u00e9 apenas sobre dispositivos e conex\u00f5es; \u00e9 sobre abrir as portas para um vasto horizonte de oportunidades, capacitando indiv\u00edduos a prosperar em um mundo cada vez mais digitalizado.<\/p>\n\n\n\n<p>Este guia abrangente busca explorar a fundo a tem\u00e1tica da inclus\u00e3o digital, examinando n\u00e3o apenas os desafios relacionados ao acesso \u00e0 tecnologia, mas tamb\u00e9m as oportunidades transformadoras que ela oferece. <\/p>\n\n\n\n<p>Ao compreendermos a import\u00e2ncia da inclus\u00e3o digital, abrimos caminho para uma sociedade mais equitativa, na qual o acesso \u00e0s oportunidades tecnol\u00f3gicas n\u00e3o seja um privil\u00e9gio, mas um direito para todos. <\/p>\n\n\n\n<p>Vamos mergulhar nos diversos aspectos desse tema, desvendando as complexidades da inclus\u00e3o digital na era tecnol\u00f3gica.<\/p>\n\n\n\n<figure class=\"wp-block-image size-large\"><img decoding=\"async\" loading=\"lazy\" width=\"1024\" height=\"576\" src=\"https:\/\/programassociais.net\/wp-content\/uploads\/2024\/01\/image-107-1024x576.png\" alt=\"\" class=\"wp-image-433\" srcset=\"https:\/\/programassociais.net\/wp-content\/uploads\/2024\/01\/image-107-1024x576.png 1024w, https:\/\/programassociais.net\/wp-content\/uploads\/2024\/01\/image-107-300x169.png 300w, https:\/\/programassociais.net\/wp-content\/uploads\/2024\/01\/image-107-768x432.png 768w, https:\/\/programassociais.net\/wp-content\/uploads\/2024\/01\/image-107.png 1280w\" sizes=\"(max-width: 1024px) 100vw, 1024px\" \/><\/figure>\n\n\n\n<h2 class=\"wp-block-heading\">Desafios do Acesso Digital: Brechas a Serem Superadas<\/h2>\n\n\n\n<p>Embora a tecnologia tenha se tornado uma for\u00e7a motriz na sociedade contempor\u00e2nea, \u00e9 essencial reconhecer que o acesso digital ainda n\u00e3o \u00e9 universalmente distribu\u00eddo. <\/p>\n\n\n\n<p>Enfrentamos desafios significativos quando se trata de garantir que todas as comunidades e grupos sociais tenham acesso equitativo \u00e0s ferramentas digitais. <\/p>\n\n\n\n<p>Essas disparidades no acesso digital criam uma s\u00e9rie de brechas que precisam ser superadas para alcan\u00e7armos uma verdadeira inclus\u00e3o digital.<\/p>\n\n\n\n<p>Um dos principais desafios \u00e9 a falta de infraestrutura em muitas regi\u00f5es, especialmente em \u00e1reas rurais e comunidades economicamente desfavorecidas. <\/p>\n\n\n\n<p>A aus\u00eancia de uma infraestrutura s\u00f3lida de conectividade, como acesso \u00e0 internet de alta velocidade, torna-se um obst\u00e1culo significativo para aqueles que buscam participar plenamente da era digital.<\/p>\n\n\n\n<p>Al\u00e9m disso, a disparidade geracional no entendimento e uso da tecnologia tamb\u00e9m contribui para as brechas no acesso digital. <\/p>\n\n\n\n<p>Enquanto as gera\u00e7\u00f5es mais jovens crescem imersas na tecnologia, muitos membros mais idosos da sociedade podem sentir-se exclu\u00eddos devido \u00e0 falta de familiaridade com dispositivos e plataformas digitais.<\/p>\n\n\n\n<p>Muitas pessoas podem n\u00e3o ter acesso a computadores, tablets ou smartphones, e mesmo aqueles que t\u00eam, podem enfrentar dificuldades em utilizar efetivamente as ferramentas digitais.<\/p>\n\n\n\n<h2 class=\"wp-block-heading\">Inclus\u00e3o Digital na Educa\u00e7\u00e3o: Rompendo Fronteiras do Conhecimento<\/h2>\n\n\n\n<p>A integra\u00e7\u00e3o da inclus\u00e3o digital no ambiente educacional \u00e9 um divisor de \u00e1guas na constru\u00e7\u00e3o de uma sociedade mais igualit\u00e1ria e preparada para os desafios da era tecnol\u00f3gica. <\/p>\n\n\n\n<p>Rompendo as fronteiras do conhecimento, a inclus\u00e3o digital na educa\u00e7\u00e3o n\u00e3o apenas amplia as oportunidades de aprendizado, mas tamb\u00e9m equipa os alunos com habilidades essenciais para o s\u00e9culo XXI.<\/p>\n\n\n\n<p>Nas salas de aula digitais, os educadores t\u00eam a capacidade de proporcionar experi\u00eancias de aprendizado mais din\u00e2micas e interativas. <\/p>\n\n\n\n<p>Acesso \u00e0 internet, recursos educacionais online e ferramentas digitais colaborativas possibilitam a explora\u00e7\u00e3o de conceitos de forma mais envolvente, estimulando o pensamento cr\u00edtico e a resolu\u00e7\u00e3o de problemas.<\/p>\n\n\n\n<p>A inclus\u00e3o digital na educa\u00e7\u00e3o \u00e9 um instrumento poderoso para superar barreiras geogr\u00e1ficas. Estudantes em regi\u00f5es remotas podem agora acessar cursos, palestras e materiais educativos de qualidade.<\/p>\n\n\n\n<p>Anteriormente indispon\u00edveis devido \u00e0 dist\u00e2ncia f\u00edsica. Isso n\u00e3o s\u00f3 democratiza o acesso \u00e0 educa\u00e7\u00e3o, mas tamb\u00e9m contribui para a diversidade e enriquecimento do ambiente educacional.<\/p>\n\n\n\n<p>Al\u00e9m disso, a inclus\u00e3o digital prepara os alunos para um futuro profissional cada vez mais digitalizado. <\/p>\n\n\n\n<p>Ao desenvolver habilidades como alfabetiza\u00e7\u00e3o digital, programa\u00e7\u00e3o e pensamento computacional, os estudantes se tornam mais aptos a enfrentar os desafios do mercado de trabalho moderno, onde a profici\u00eancia tecnol\u00f3gica \u00e9 uma habilidade fundamental.<\/p>\n\n\n\n<p>Ainda que existam desafios a serem superados, como garantir que todos os alunos tenham acesso igualit\u00e1rio aos dispositivos e \u00e0 internet. <\/p>\n\n\n\n<p>A inclus\u00e3o digital na educa\u00e7\u00e3o \u00e9 um investimento essencial para formar cidad\u00e3os preparados para o mundo digital e para construir uma sociedade mais equitativa.<\/p>\n\n\n\n<h2 class=\"wp-block-heading\">O Papel da Inclus\u00e3o Digital na Empregabilidade<\/h2>\n\n\n\n<p>A inclus\u00e3o digital desempenha um papel fundamental na empregabilidade, transformando-se em um diferencial crucial em um mercado de trabalho cada vez mais orientado pela tecnologia. <\/p>\n\n\n\n<p>\u00c0 medida que a sociedade avan\u00e7a para a era digital, as habilidades tecnol\u00f3gicas tornam-se essenciais para o sucesso profissional, e a inclus\u00e3o digital emerge como um catalisador para abrir portas no cen\u00e1rio ocupacional.<\/p>\n\n\n\n<p>A capacidade de utilizar ferramentas digitais, navegar na internet de maneira eficiente e compreender conceitos tecnol\u00f3gicos s\u00e3o habilidades que transcendem setores profissionais. <\/p>\n\n\n\n<p>Desde a comunica\u00e7\u00e3o at\u00e9 a resolu\u00e7\u00e3o de problemas complexos, as habilidades digitais s\u00e3o requisitos fundamentais em uma variedade de ocupa\u00e7\u00f5es.<\/p>\n\n\n\n<p>Al\u00e9m disso, a inclus\u00e3o digital amplia as oportunidades de emprego ao permitir o acesso a plataformas de trabalho remoto, cursos online e oportunidades de freelancers. <\/p>\n\n\n\n<p>Isso \u00e9 especialmente significativo em um contexto global, onde profissionais podem colaborar e oferecer seus servi\u00e7os independentemente da sua localiza\u00e7\u00e3o f\u00edsica.<\/p>\n\n\n\n<p>Para grupos historicamente sub-representados no mercado de trabalho, como pessoas com defici\u00eancia, a inclus\u00e3o digital pode desempenhar um papel transformador. <\/p>\n\n\n\n<p>Ferramentas de acessibilidade digital e a possibilidade de trabalhar remotamente proporcionam novas perspectivas e igualdade de oportunidades.<\/p>\n\n\n\n<p>No entanto, \u00e9 importante reconhecer que a inclus\u00e3o digital na empregabilidade tamb\u00e9m levanta quest\u00f5es de equidade. <\/p>\n\n\n\n<p>Assegurar que todos tenham acesso igualit\u00e1rio a oportunidades de desenvolvimento de habilidades digitais \u00e9 fundamental para evitar a amplia\u00e7\u00e3o das disparidades sociais e econ\u00f4micas.<\/p>\n\n\n\n<p>Em resumo, a inclus\u00e3o digital n\u00e3o \u00e9 apenas um facilitador para a empregabilidade, mas um requisito vital. <\/p>\n\n\n\n<p>Ao investir em programas que promovam a inclus\u00e3o digital, capacitamos os indiv\u00edduos para enfrentar os desafios do mercado de trabalho moderno, construindo uma for\u00e7a de trabalho diversificada e capacitada para prosperar na era digital.<\/p>\n\n\n\n<h2 class=\"wp-block-heading\">Inclus\u00e3o Digital e Cidadania: Acesso \u00e0 Informa\u00e7\u00e3o e Participa\u00e7\u00e3o Social<\/h2>\n\n\n\n<p>Ao explorarmos a rela\u00e7\u00e3o entre inclus\u00e3o digital e cidadania, torna-se evidente que o acesso \u00e0 informa\u00e7\u00e3o e a participa\u00e7\u00e3o social s\u00e3o pilares essenciais para uma sociedade justa e igualit\u00e1ria na era tecnol\u00f3gica. <\/p>\n\n\n\n<p>A inclus\u00e3o digital n\u00e3o \u00e9 apenas uma quest\u00e3o de habilidades tecnol\u00f3gicas; \u00e9 um meio de empoderar os cidad\u00e3os.<\/p>\n\n\n\n<p>Permitindo-lhes tomar decis\u00f5es informadas e contribuir ativamente para a constru\u00e7\u00e3o de comunidades mais fortes.<\/p>\n\n\n\n<p>No contexto da cidadania, a inclus\u00e3o digital proporciona acesso irrestrito a informa\u00e7\u00f5es cruciais. <\/p>\n\n\n\n<p>Cidad\u00e3os bem informados t\u00eam a capacidade de compreender quest\u00f5es sociais, pol\u00edticas e econ\u00f4micas, fundamentais para participar de debates significativos e tomar decis\u00f5es informadas em suas comunidades.<\/p>\n\n\n\n<p>Al\u00e9m disso, a inclus\u00e3o digital amplia as oportunidades de participa\u00e7\u00e3o social. Plataformas online oferecem espa\u00e7os para express\u00e3o de opini\u00f5es, envolvimento em atividades de advocacy e colabora\u00e7\u00e3o em projetos comunit\u00e1rios. <\/p>\n\n\n\n<p>A capacidade de conectar-se digitalmente com outros cidad\u00e3os abre novos canais para promover mudan\u00e7as positivas e influenciar decis\u00f5es pol\u00edticas.<\/p>\n\n\n\n<p>Entretanto, \u00e9 crucial abordar os desafios relacionados \u00e0 desinforma\u00e7\u00e3o e \u00e0 exclus\u00e3o digital que podem perpetuar disparidades sociais. <\/p>\n\n\n\n<p>Garantir que todos os segmentos da sociedade tenham acesso igualit\u00e1rio \u00e0 inclus\u00e3o digital \u00e9 um passo significativo para construir uma cidadania mais robusta e equitativa.<\/p>\n\n\n\n<p>Em conclus\u00e3o, a inclus\u00e3o digital \u00e9 um catalisador essencial para fortalecer a cidadania na era tecnol\u00f3gica. <\/p>\n\n\n\n<p>Ao proporcionar acesso \u00e0 informa\u00e7\u00e3o e oportunidades de participa\u00e7\u00e3o social, criamos uma sociedade mais informada, engajada e capacitada para enfrentar os desafios contempor\u00e2neos. <\/p>\n\n\n\n<p>A busca pela inclus\u00e3o digital \u00e9, portanto, n\u00e3o apenas uma busca por habilidades tecnol\u00f3gicas, mas uma busca por uma cidadania mais robusta e participativa.<\/p>\n\n\n\n<h2 class=\"wp-block-heading\">Desenvolvendo Habilidades Digitais: O Caminho para a Inclus\u00e3o Tecnol\u00f3gica<\/h2>\n\n\n\n<p>\u00c0 medida que exploramos a import\u00e2ncia da inclus\u00e3o digital na era tecnol\u00f3gica, torna-se evidente que o desenvolvimento de habilidades digitais n\u00e3o \u00e9 apenas uma necessidade, mas uma estrat\u00e9gia essencial para construir uma sociedade mais igualit\u00e1ria e capacitada. <\/p>\n\n\n\n<p>Conectar-se \u00e0 revolu\u00e7\u00e3o digital n\u00e3o \u00e9 apenas sobre dispositivos e conex\u00f5es; \u00e9 sobre capacitar indiv\u00edduos para prosperar em um mundo cada vez mais digitalizado.<\/p>\n\n\n\n<ol>\n<li><strong>Educa\u00e7\u00e3o Digital Acess\u00edvel:<\/strong> Estabelecer programas de educa\u00e7\u00e3o digital acess\u00edveis a todas as faixas et\u00e1rias, enfatizando conceitos b\u00e1sicos de tecnologia, seguran\u00e7a online e utiliza\u00e7\u00e3o eficiente de recursos digitais.<\/li>\n\n\n\n<li><strong>Incentivo \u00e0 Participa\u00e7\u00e3o Comunit\u00e1ria:<\/strong> Promover a participa\u00e7\u00e3o comunit\u00e1ria em iniciativas de inclus\u00e3o digital, seja por meio de workshops, cursos ou espa\u00e7os de aprendizado colaborativo, criando uma cultura de aprendizado coletivo.<\/li>\n\n\n\n<li><strong>Acesso Universal aos Dispositivos:<\/strong> Buscar meios de proporcionar acesso universal a dispositivos tecnol\u00f3gicos, garantindo que todos tenham a oportunidade de utilizar ferramentas digitais essenciais para a vida cotidiana e profissional.<\/li>\n\n\n\n<li><strong>Fomento ao Empreendedorismo Digital:<\/strong> Estimular o empreendedorismo digital, oferecendo suporte a startups e projetos que promovam a inclus\u00e3o digital em comunidades carentes, criando oportunidades de neg\u00f3cios e empregabilidade.<\/li>\n\n\n\n<li><strong>Parcerias P\u00fablico-Privadas:<\/strong> Facilitar parcerias entre setores p\u00fablico e privado para implementar iniciativas conjuntas de inclus\u00e3o digital, aproveitando recursos e conhecimentos para ampliar o alcance dessas a\u00e7\u00f5es.<\/li>\n\n\n\n<li><strong>Avalia\u00e7\u00e3o e Ajustes Constantes:<\/strong> Implementar mecanismos de avalia\u00e7\u00e3o cont\u00ednua para ajustar e aprimorar os programas de inclus\u00e3o digital, garantindo que atendam \u00e0s necessidades em constante evolu\u00e7\u00e3o da sociedade.<\/li>\n<\/ol>\n\n\n\n<p>Ao seguir esse passo a passo, n\u00e3o apenas promovemos o desenvolvimento de habilidades digitais, mas tamb\u00e9m constru\u00edmos uma base s\u00f3lida para a inclus\u00e3o tecnol\u00f3gica.<\/p>\n\n\n\n<p><\/p>\n\n\n\n<p> Capacitar indiv\u00edduos para navegarem com confian\u00e7a na era digital \u00e9 a chave para uma sociedade mais equitativa, onde todos possam contribuir e prosperar. <\/p>\n\n\n\n<p>O caminho para a inclus\u00e3o digital \u00e9, portanto, um investimento coletivo na constru\u00e7\u00e3o de um futuro mais conectado, informado e capacitado.<\/p>\n","protected":false},"excerpt":{"rendered":"<p>Vivemos em uma \u00e9poca em que a tecnologia desempenha um papel central em quase todos os aspectos de nossas vidas. Desde a comunica\u00e7\u00e3o at\u00e9 o aprendizado, passando pelo acesso \u00e0 informa\u00e7\u00e3o e oportunidades de emprego, a revolu\u00e7\u00e3o digital transformou radicalmente a maneira como interagimos com o mundo ao nosso redor. No entanto, \u00e9 crucial reconhecer [&hellip;]<\/p>\n","protected":false},"author":1,"featured_media":433,"comment_status":"open","ping_status":"open","sticky":false,"template":"","format":"standard","meta":{"footnotes":""},"categories":[1],"tags":[182],"_links":{"self":[{"href":"https:\/\/programassociais.net\/index.php\/wp-json\/wp\/v2\/posts\/432"}],"collection":[{"href":"https:\/\/programassociais.net\/index.php\/wp-json\/wp\/v2\/posts"}],"about":[{"href":"https:\/\/programassociais.net\/index.php\/wp-json\/wp\/v2\/types\/post"}],"author":[{"embeddable":true,"href":"https:\/\/programassociais.net\/index.php\/wp-json\/wp\/v2\/users\/1"}],"replies":[{"embeddable":true,"href":"https:\/\/programassociais.net\/index.php\/wp-json\/wp\/v2\/comments?post=432"}],"version-history":[{"count":1,"href":"https:\/\/programassociais.net\/index.php\/wp-json\/wp\/v2\/posts\/432\/revisions"}],"predecessor-version":[{"id":434,"href":"https:\/\/programassociais.net\/index.php\/wp-json\/wp\/v2\/posts\/432\/revisions\/434"}],"wp:featuredmedia":[{"embeddable":true,"href":"https:\/\/programassociais.net\/index.php\/wp-json\/wp\/v2\/media\/433"}],"wp:attachment":[{"href":"https:\/\/programassociais.net\/index.php\/wp-json\/wp\/v2\/media?parent=432"}],"wp:term":[{"taxonomy":"category","embeddable":true,"href":"https:\/\/programassociais.net\/index.php\/wp-json\/wp\/v2\/categories?post=432"},{"taxonomy":"post_tag","embeddable":true,"href":"https:\/\/programassociais.net\/index.php\/wp-json\/wp\/v2\/tags?post=432"}],"curies":[{"name":"wp","href":"https:\/\/api.w.org\/{rel}","templated":true}]}}