{"id":315,"date":"2024-01-15T13:01:07","date_gmt":"2024-01-15T16:01:07","guid":{"rendered":"https:\/\/programassociais.net\/?p=315"},"modified":"2024-01-15T17:58:27","modified_gmt":"2024-01-15T20:58:27","slug":"auxilio-emergencial-mineiro-como-solicitar-e-quem-pode-receber","status":"publish","type":"post","link":"https:\/\/programassociais.net\/index.php\/2024\/01\/15\/auxilio-emergencial-mineiro-como-solicitar-e-quem-pode-receber\/","title":{"rendered":"Aux\u00edlio Emergencial Mineiro: Como Solicitar e Quem Pode Receber"},"content":{"rendered":"\n<p>Em um contexto de desafios socioecon\u00f4micos, os programas de aux\u00edlio emergencial desempenham um papel vital em proporcionar apoio financeiro \u00e0s comunidades. <\/p>\n\n\n\n<p>Em sintonia com essa perspectiva, o estado de Minas Gerais apresenta uma iniciativa \u00fanica e crucial: o Aux\u00edlio Emergencial Mineiro. <\/p>\n\n\n\n<p>Este programa visa amparar aqueles que enfrentam dificuldades econ\u00f4micas, oferecendo um suporte financeiro tempor\u00e1rio para enfrentar per\u00edodos de instabilidade.<\/p>\n\n\n\n<p>Neste guia abrangente, exploraremos minuciosamente como solicitar o Aux\u00edlio Emergencial Mineiro e os crit\u00e9rios que determinam quem pode receber esse benef\u00edcio. <\/p>\n\n\n\n<p>Compreender os detalhes do programa \u00e9 essencial para aqueles que buscam apoio durante momentos desafiadores, e este artigo visa ser um recurso informativo e acess\u00edvel, orientando passo a passo os potenciais benefici\u00e1rios.<\/p>\n\n\n\n<p>Ao mergulharmos nas nuances do Aux\u00edlio Emergencial Mineiro, destacaremos n\u00e3o apenas os requisitos b\u00e1sicos e processos de solicita\u00e7\u00e3o. <\/p>\n\n\n\n<p>Mas tamb\u00e9m as nuances espec\u00edficas que tornam esse programa \u00fanico para os residentes de Minas Gerais. <\/p>\n\n\n\n<figure class=\"wp-block-image size-large\"><img decoding=\"async\" loading=\"lazy\" width=\"1024\" height=\"576\" src=\"https:\/\/programassociais.net\/wp-content\/uploads\/2024\/01\/image-70-1024x576.png\" alt=\"\" class=\"wp-image-316\" srcset=\"https:\/\/programassociais.net\/wp-content\/uploads\/2024\/01\/image-70-1024x576.png 1024w, https:\/\/programassociais.net\/wp-content\/uploads\/2024\/01\/image-70-300x169.png 300w, https:\/\/programassociais.net\/wp-content\/uploads\/2024\/01\/image-70-768x432.png 768w, https:\/\/programassociais.net\/wp-content\/uploads\/2024\/01\/image-70.png 1280w\" sizes=\"(max-width: 1024px) 100vw, 1024px\" \/><\/figure>\n\n\n\n<h2 class=\"wp-block-heading\">O Programa Aux\u00edlio Emergencial Mineiro: Uma Vis\u00e3o Geral<\/h2>\n\n\n\n<p>O Programa Aux\u00edlio Emergencial Mineiro representa um marco significativo no panorama social de Minas Gerais, estabelecendo-se como uma resposta assertiva aos desafios econ\u00f4micos enfrentados pela popula\u00e7\u00e3o do estado. <\/p>\n\n\n\n<p>Essa iniciativa visa mitigar os impactos adversos causados por situa\u00e7\u00f5es emergenciais, oferecendo um suporte financeiro tempor\u00e1rio para aqueles que se encontram em condi\u00e7\u00f5es vulner\u00e1veis.<\/p>\n\n\n\n<p>Em sua ess\u00eancia, o programa busca abranger uma vis\u00e3o abrangente das necessidades emergenciais da popula\u00e7\u00e3o mineira, proporcionando al\u00edvio financeiro durante momentos de instabilidade econ\u00f4mica. <\/p>\n\n\n\n<p>Seu escopo n\u00e3o se limita apenas a um aspecto espec\u00edfico, mas sim busca abranger uma variedade de desafios que indiv\u00edduos e fam\u00edlias podem enfrentar.<\/p>\n\n\n\n<p>Essa vis\u00e3o geral do Aux\u00edlio Emergencial Mineiro inclui uma compreens\u00e3o dos crit\u00e9rios e requisitos estabelecidos para a participa\u00e7\u00e3o, assim como os objetivos fundamentais do programa. <\/p>\n\n\n\n<p>Exploraremos como o aux\u00edlio \u00e9 projetado para ser uma medida eficaz na promo\u00e7\u00e3o da resili\u00eancia econ\u00f4mica, assegurando que as comunidades em Minas Gerais possam enfrentar situa\u00e7\u00f5es emergenciais com maior estabilidade e seguran\u00e7a financeira.<\/p>\n\n\n\n<p>Ao compreender essa vis\u00e3o geral do programa, os residentes de Minas Gerais estar\u00e3o mais bem preparados para considerar a possibilidade de solicitar o Aux\u00edlio Emergencial Mineiro. <\/p>\n\n\n\n<p>Esta an\u00e1lise abrangente serve como alicerce para explorar, em detalhes subsequentes, os procedimentos espec\u00edficos e os crit\u00e9rios de elegibilidade que definem quem pode receber esse apoio valioso.<\/p>\n\n\n\n<h2 class=\"wp-block-heading\">Quem Pode Receber o Aux\u00edlio Emergencial em Minas Gerais<\/h2>\n\n\n\n<p>A defini\u00e7\u00e3o clara de quem pode receber o Aux\u00edlio Emergencial em Minas Gerais \u00e9 essencial para garantir que os recursos sejam direcionados de maneira eficaz e atendam \u00e0s necessidades das pessoas que mais necessitam. <\/p>\n\n\n\n<p>Este aspecto central do programa estabelece crit\u00e9rios espec\u00edficos de elegibilidade, orientando quem est\u00e1 apto a receber o suporte financeiro tempor\u00e1rio oferecido pelo Aux\u00edlio Emergencial Mineiro.<\/p>\n\n\n\n<p>Geralmente, os benefici\u00e1rios desse programa s\u00e3o aqueles que se encontram em situa\u00e7\u00f5es de vulnerabilidade econ\u00f4mica, enfrentando dificuldades financeiras significativas. <\/p>\n\n\n\n<p>Fam\u00edlias de Baixa Renda: O programa geralmente prioriza fam\u00edlias com renda per capita abaixo de um determinado limite, assegurando que o aux\u00edlio alcance aqueles em maior necessidade.<\/p>\n\n\n\n<p>Desempregados ou Informais: Trabalhadores informais e desempregados que se enquadram nos crit\u00e9rios estabelecidos podem ser eleg\u00edveis para receber o aux\u00edlio, proporcionando suporte financeiro durante per\u00edodos de instabilidade.<\/p>\n\n\n\n<p>Situa\u00e7\u00f5es Emergenciais Espec\u00edficas: Em algumas circunst\u00e2ncias, o aux\u00edlio pode ser estendido a grupos espec\u00edficos que enfrentam situa\u00e7\u00f5es emergenciais, como desastres naturais, pandemias ou crises econ\u00f4micas.<\/p>\n\n\n\n<p>Fam\u00edlias Monoparentais: Situa\u00e7\u00f5es familiares especiais, como fam\u00edlias monoparentais, tamb\u00e9m podem ser consideradas eleg\u00edveis para receber o aux\u00edlio, reconhecendo as necessidades particulares desses arranjos familiares.<\/p>\n\n\n\n<p>Compreender os crit\u00e9rios de elegibilidade \u00e9 crucial para aqueles que buscam receber o Aux\u00edlio Emergencial em Minas Gerais. <\/p>\n\n\n\n<p>A clareza nesse aspecto proporciona uma base s\u00f3lida para os potenciais benefici\u00e1rios avaliarem sua aptid\u00e3o e, se eleg\u00edveis, buscarem o suporte financeiro necess\u00e1rio para enfrentar per\u00edodos desafiadores.<\/p>\n\n\n\n<h2 class=\"wp-block-heading\">Requisitos e Crit\u00e9rios de Elegibilidade<\/h2>\n\n\n\n<p>Os requisitos e crit\u00e9rios de elegibilidade s\u00e3o pilares fundamentais para a participa\u00e7\u00e3o no Aux\u00edlio Emergencial em Minas Gerais, delineando as condi\u00e7\u00f5es que os potenciais benefici\u00e1rios devem atender para acessar o suporte financeiro. <\/p>\n\n\n\n<p>Essa clareza estabelece diretrizes objetivas, assegurando que o aux\u00edlio seja direcionado de maneira eficaz \u00e0s pessoas que realmente necessitam.<\/p>\n\n\n\n<p>Renda Per Capita: Um dos crit\u00e9rios essenciais geralmente inclui uma renda per capita que esteja abaixo de um limite definido. Isso visa priorizar fam\u00edlias e indiv\u00edduos em situa\u00e7\u00e3o de baixa renda.<\/p>\n\n\n\n<p>Cadastro Atualizado: A atualiza\u00e7\u00e3o cadastral \u00e9 frequentemente necess\u00e1ria para garantir que as informa\u00e7\u00f5es dos benefici\u00e1rios estejam corretas e atualizadas, contribuindo para a transpar\u00eancia e efic\u00e1cia do programa.<\/p>\n\n\n\n<p>Comprova\u00e7\u00e3o de Resid\u00eancia: A apresenta\u00e7\u00e3o de comprovantes de resid\u00eancia \u00e9 comum, assegurando que o aux\u00edlio alcance aqueles que realmente vivem em Minas Gerais e enfrentam desafios econ\u00f4micos na regi\u00e3o.<\/p>\n\n\n\n<p>Desemprego ou Informalidade: Muitas vezes, o programa \u00e9 destinado a trabalhadores desempregados ou informais, reconhecendo a vulnerabilidade desses grupos durante crises econ\u00f4micas ou emerg\u00eancias.<\/p>\n\n\n\n<p>Crit\u00e9rios Espec\u00edficos de Situa\u00e7\u00f5es Emergenciais: Em contextos de crises espec\u00edficas, como pandemias ou desastres naturais, crit\u00e9rios adicionais podem ser estabelecidos para incluir grupos espec\u00edficos afetados pelas circunst\u00e2ncias.<\/p>\n\n\n\n<p>Fam\u00edlias Monoparentais e Outros Arranjos Familiares: Considera\u00e7\u00f5es especiais podem ser feitas para fam\u00edlias monoparentais e outros arranjos familiares, visando abranger diferentes formas de composi\u00e7\u00e3o familiar.<\/p>\n\n\n\n<p>Compreender e atender a esses requisitos e crit\u00e9rios de elegibilidade \u00e9 crucial para aqueles que buscam acessar o Aux\u00edlio Emergencial em Minas Gerais. <\/p>\n\n\n\n<p>A transpar\u00eancia nessas condi\u00e7\u00f5es n\u00e3o apenas orienta os potenciais benefici\u00e1rios, mas tamb\u00e9m contribui para a efic\u00e1cia e equidade na distribui\u00e7\u00e3o do suporte financeiro emergencial.<\/p>\n\n\n\n<h2 class=\"wp-block-heading\">Documenta\u00e7\u00e3o Necess\u00e1ria: Passo a Passo para Prepara\u00e7\u00e3o<\/h2>\n\n\n\n<p>A prepara\u00e7\u00e3o da documenta\u00e7\u00e3o necess\u00e1ria \u00e9 um passo crucial para aqueles que buscam solicitar o Aux\u00edlio Emergencial em Minas Gerais. <\/p>\n\n\n\n<p>Este processo requer uma abordagem cuidadosa e organizada, garantindo que todos os documentos essenciais estejam prontos para apresenta\u00e7\u00e3o, contribuindo para a efic\u00e1cia do processo de inscri\u00e7\u00e3o.<\/p>\n\n\n\n<p>Identifica\u00e7\u00e3o Pessoal: Documentos de identifica\u00e7\u00e3o pessoal, como RG e CPF, s\u00e3o indispens\u00e1veis. Certifique-se de que estejam atualizados e em conformidade com as normas do programa.<\/p>\n\n\n\n<p>Comprovante de Resid\u00eancia: Um comprovante de resid\u00eancia recente \u00e9 necess\u00e1rio para validar a localiza\u00e7\u00e3o do benefici\u00e1rio em Minas Gerais. Contas de \u00e1gua, luz ou contratos de aluguel s\u00e3o exemplos comuns.<\/p>\n\n\n\n<p>Cadastro Atualizado: Mantenha o cadastro atualizado nos \u00f3rg\u00e3os respons\u00e1veis. Informa\u00e7\u00f5es precisas sobre a composi\u00e7\u00e3o familiar e situa\u00e7\u00e3o financeira s\u00e3o vitais para a an\u00e1lise da elegibilidade.<\/p>\n\n\n\n<p>Documenta\u00e7\u00e3o de Renda: Apresente comprovantes de renda, como contracheques ou declara\u00e7\u00f5es fiscais, para validar a necessidade de assist\u00eancia financeira.<\/p>\n\n\n\n<p>Registro de Desemprego ou Informalidade: Para aqueles que est\u00e3o desempregados ou trabalham informalmente, \u00e9 essencial apresentar documentos que comprovem essa condi\u00e7\u00e3o, como carteira de trabalho ou declara\u00e7\u00f5es de renda.<\/p>\n\n\n\n<p>Documentos Espec\u00edficos para Situa\u00e7\u00f5es Emergenciais: Em contextos de emerg\u00eancias espec\u00edficas, pode ser necess\u00e1rio providenciar documentos adicionais que comprovem a situa\u00e7\u00e3o do benefici\u00e1rio, como certid\u00f5es ou declara\u00e7\u00f5es de autoridades competentes.<\/p>\n\n\n\n<p>Ao seguir esse passo a passo na prepara\u00e7\u00e3o da documenta\u00e7\u00e3o, os solicitantes maximizam suas chances de uma inscri\u00e7\u00e3o bem-sucedida no Aux\u00edlio Emergencial Mineiro. <\/p>\n\n\n\n<p>Essa abordagem diligente n\u00e3o apenas facilita o processo, mas tamb\u00e9m contribui para a transpar\u00eancia e efic\u00e1cia do programa ao garantir que os recursos sejam direcionados de maneira a atender \u00e0s reais necessidades daqueles em situa\u00e7\u00e3o de vulnerabilidade econ\u00f4mica.<\/p>\n\n\n\n<h2 class=\"wp-block-heading\">Locais de Solicita\u00e7\u00e3o do Aux\u00edlio em Minas Gerais<\/h2>\n\n\n\n<p>Os locais de solicita\u00e7\u00e3o do Aux\u00edlio Emergencial em Minas Gerais s\u00e3o pontos cruciais para aqueles que buscam acessar o suporte financeiro oferecido pelo programa. <\/p>\n\n\n\n<p>Esses locais s\u00e3o designados para facilitar o processo de inscri\u00e7\u00e3o, garantindo que os potenciais benefici\u00e1rios possam acessar o aux\u00edlio de maneira conveniente e eficiente.<\/p>\n\n\n\n<p>Prefeituras Municipais: As prefeituras municipais frequentemente atuam como centros prim\u00e1rios para a solicita\u00e7\u00e3o do Aux\u00edlio Emergencial. <\/p>\n\n\n\n<p>Os interessados podem procurar o setor respons\u00e1vel pela assist\u00eancia social ou programas emergenciais para obter orienta\u00e7\u00f5es e realizar a inscri\u00e7\u00e3o.<\/p>\n\n\n\n<p>Centros de Assist\u00eancia Social: Alguns centros de assist\u00eancia social, tamb\u00e9m conhecidos como CRAS (Centros de Refer\u00eancia de Assist\u00eancia Social), podem ser designados como locais de solicita\u00e7\u00e3o. <\/p>\n\n\n\n<p>Esses centros oferecem suporte adicional aos solicitantes, fornecendo informa\u00e7\u00f5es detalhadas sobre o processo.<\/p>\n\n\n\n<p>Ag\u00eancias Banc\u00e1rias: Em algumas situa\u00e7\u00f5es, as ag\u00eancias banc\u00e1rias podem ser locais de solicita\u00e7\u00e3o do Aux\u00edlio Emergencial.<\/p>\n\n\n\n<p> Esse formato visa simplificar o processo, permitindo que os interessados realizem a inscri\u00e7\u00e3o diretamente em institui\u00e7\u00f5es financeiras autorizadas.<\/p>\n\n\n\n<p>Plataformas Online: Dependendo das diretrizes do programa, a solicita\u00e7\u00e3o online pode ser uma op\u00e7\u00e3o. <\/p>\n\n\n\n<p>Plataformas espec\u00edficas podem ser disponibilizadas para que os solicitantes possam preencher formul\u00e1rios e enviar documentos de forma virtual.<\/p>\n\n\n\n<p>Postos de Atendimento Espec\u00edficos: Em algumas situa\u00e7\u00f5es, postos de atendimento espec\u00edficos podem ser estabelecidos para lidar exclusivamente com o Aux\u00edlio Emergencial. <\/p>\n\n\n\n<p>Conhecer os locais de solicita\u00e7\u00e3o \u00e9 fundamental para aqueles que desejam acessar o Aux\u00edlio Emergencial em Minas Gerais. <\/p>\n\n\n\n<p>Essa informa\u00e7\u00e3o permite que os potenciais benefici\u00e1rios escolham a op\u00e7\u00e3o mais conveniente e estejam bem orientados sobre onde e como iniciar o processo de inscri\u00e7\u00e3o.<\/p>\n\n\n\n<h2 class=\"wp-block-heading\">A Import\u00e2ncia da Regulariza\u00e7\u00e3o Documental<\/h2>\n\n\n\n<p>A import\u00e2ncia da regulariza\u00e7\u00e3o documental no contexto do Aux\u00edlio Emergencial em Minas Gerais \u00e9 um aspecto crucial para garantir a transpar\u00eancia, efic\u00e1cia e equidade no processo de distribui\u00e7\u00e3o dos recursos. A regulariza\u00e7\u00e3o documental refere-se \u00e0 apresenta\u00e7\u00e3o e verifica\u00e7\u00e3o de documentos corretos, atualizados e em conformidade com os requisitos estabelecidos pelo programa.<\/p>\n\n\n\n<p>Credibilidade do Processo: A regulariza\u00e7\u00e3o documental \u00e9 essencial para assegurar a credibilidade do processo de solicita\u00e7\u00e3o. <\/p>\n\n\n\n<p>Documentos corretos e verific\u00e1veis contribuem para a confian\u00e7a no programa, tanto por parte dos benefici\u00e1rios quanto das autoridades respons\u00e1veis.<\/p>\n\n\n\n<p>Elegibilidade Precisa: A apresenta\u00e7\u00e3o de documentos corretos \u00e9 um requisito para determinar a elegibilidade dos solicitantes. <\/p>\n\n\n\n<p>Isso garante que o aux\u00edlio seja direcionado \u00e0s pessoas que realmente atendem aos crit\u00e9rios estabelecidos, evitando poss\u00edveis desvios ou irregularidades.<\/p>\n\n\n\n<p>Evitar Desqualifica\u00e7\u00e3o: A falta de documenta\u00e7\u00e3o adequada pode resultar na desqualifica\u00e7\u00e3o do benefici\u00e1rio. <\/p>\n\n\n\n<p>Portanto, a regulariza\u00e7\u00e3o documental \u00e9 um passo preventivo para garantir que todos os requisitos sejam atendidos, evitando poss\u00edveis complica\u00e7\u00f5es durante o processo.<\/p>\n\n\n\n<p>Transpar\u00eancia e Integridade: A apresenta\u00e7\u00e3o de documentos corretos promove transpar\u00eancia e integridade no programa. <\/p>\n\n\n\n<p>Isso significa que o processo de sele\u00e7\u00e3o \u00e9 conduzido de maneira justa e imparcial, sem favorecimentos indevidos.<\/p>\n\n\n\n<p>Acelera\u00e7\u00e3o do Processo: A regulariza\u00e7\u00e3o documental contribui para a acelera\u00e7\u00e3o do processo de an\u00e1lise e aprova\u00e7\u00e3o das solicita\u00e7\u00f5es. <\/p>\n\n\n\n<p>Documentos completos e corretos facilitam a avalia\u00e7\u00e3o, permitindo que os recursos sejam disponibilizados de maneira mais eficiente.<\/p>\n\n\n\n<p>Conformidade Legal: O cumprimento das normas legais \u00e9 um aspecto fundamental da regulariza\u00e7\u00e3o documental. <\/p>\n\n\n\n<p>Garantir que toda a documenta\u00e7\u00e3o esteja em conformidade com as leis e regulamentos estabelecidos assegura a legalidade do processo.<\/p>\n\n\n\n<p>Em resumo, a import\u00e2ncia da regulariza\u00e7\u00e3o documental no contexto do Aux\u00edlio Emergencial em Minas Gerais vai al\u00e9m de um mero requisito burocr\u00e1tico. <\/p>\n\n\n\n<p>\u00c9 um elemento vital para a garantia de um processo justo, transparente e eficiente, contribuindo para o alcance dos objetivos do programa de maneira \u00edntegra e confi\u00e1vel.<\/p>\n\n\n\n<h2 class=\"wp-block-heading\">Acompanhando o Status da Solicita\u00e7\u00e3o: O Que Voc\u00ea Precisa Saber<\/h2>\n\n\n\n<p>Acompanhar o status da solicita\u00e7\u00e3o \u00e9 uma etapa crucial para aqueles que buscam o Aux\u00edlio Emergencial em Minas Gerais, proporcionando transpar\u00eancia e possibilitando que os solicitantes estejam cientes do progresso de suas inscri\u00e7\u00f5es.<\/p>\n\n\n\n<p> Compreender o que \u00e9 necess\u00e1rio para acompanhar esse status \u00e9 essencial para garantir que os benefici\u00e1rios estejam informados e preparados para as pr\u00f3ximas etapas do processo.<\/p>\n\n\n\n<p>Geralmente, os solicitantes podem verificar o status de sua solicita\u00e7\u00e3o por meio de canais espec\u00edficos. <\/p>\n\n\n\n<p>Esses podem incluir websites dedicados, aplicativos m\u00f3veis, ou linhas telef\u00f4nicas de atendimento ao p\u00fablico.<\/p>\n\n\n\n<p>O n\u00famero de protocolo gerado no momento da solicita\u00e7\u00e3o \u00e9 uma pe\u00e7a-chave para acompanhar o status. <\/p>\n\n\n\n<p>Os solicitantes devem mant\u00ea-lo seguro e utiliz\u00e1-lo nos canais designados para obter informa\u00e7\u00f5es sobre o andamento do processo.<\/p>\n\n\n\n<p>A regularidade na verifica\u00e7\u00e3o do status \u00e9 recomendada, especialmente em momentos cr\u00edticos do processo, como an\u00e1lise de documentos ou decis\u00f5es sobre a elegibilidade. <\/p>\n\n\n\n<p>Em alguns casos, a comunica\u00e7\u00e3o direta com os \u00f3rg\u00e3os respons\u00e1veis pelo programa pode ser necess\u00e1ria para esclarecimentos adicionais. Estar ciente dos procedimentos para essa comunica\u00e7\u00e3o \u00e9 essencial.<\/p>\n\n\n\n<p>Entender que o status pode passar por diferentes fases, como &#8220;Em An\u00e1lise&#8221; ou &#8220;Aprovado&#8221;, \u00e9 crucial. Cada fase indica um est\u00e1gio espec\u00edfico do processo, e os solicitantes devem estar atentos a essas atualiza\u00e7\u00f5es.<\/p>\n\n\n\n<p>Caso haja pend\u00eancias ou necessidade de documenta\u00e7\u00e3o adicional, os solicitantes devem ser informados sobre as provid\u00eancias a serem tomadas. Esse conhecimento permite a\u00e7\u00f5es r\u00e1pidas para evitar poss\u00edveis desqualifica\u00e7\u00f5es.<\/p>\n\n\n\n<p>Ao compreender o que \u00e9 necess\u00e1rio para acompanhar o status da solicita\u00e7\u00e3o, os benefici\u00e1rios do Aux\u00edlio Emergencial em Minas Gerais podem participar ativamente do processo. <\/p>\n\n\n\n<p>Essa abordagem proativa n\u00e3o apenas oferece uma compreens\u00e3o clara do progresso da inscri\u00e7\u00e3o, mas tamb\u00e9m prepara os solicitantes para poss\u00edveis desdobramentos, contribuindo para uma experi\u00eancia mais informada e controlada no programa.<\/p>\n\n\n\n<h2 class=\"wp-block-heading\">Conclus\u00e3o: Garantindo seu Aux\u00edlio Emergencial Mineiro com Facilidade e Seguran\u00e7a<\/h2>\n\n\n\n<p>Em conclus\u00e3o, garantir o Aux\u00edlio Emergencial Mineiro com facilidade e seguran\u00e7a \u00e9 um passo crucial para aqueles que buscam apoio durante momentos desafiadores. <\/p>\n\n\n\n<p>Ao seguir as orienta\u00e7\u00f5es sobre requisitos, documenta\u00e7\u00e3o, locais de solicita\u00e7\u00e3o, regulariza\u00e7\u00e3o documental e acompanhamento do status, os benefici\u00e1rios est\u00e3o maximizando suas chances de sucesso no programa.<\/p>\n\n\n\n<p><strong>Para garantir seu Aux\u00edlio Emergencial Mineiro com facilidade e seguran\u00e7a, siga esta lista:<\/strong><\/p>\n\n\n\n<ol>\n<li><strong>Entenda os Crit\u00e9rios de Elegibilidade:<\/strong> Conhe\u00e7a os requisitos espec\u00edficos para garantir que voc\u00ea atenda aos crit\u00e9rios estabelecidos para participa\u00e7\u00e3o.<\/li>\n\n\n\n<li><strong>Prepare a Documenta\u00e7\u00e3o Adequada:<\/strong> Re\u00fana todos os documentos necess\u00e1rios, como comprovantes de identifica\u00e7\u00e3o, comprovante de resid\u00eancia e documentos que validem sua situa\u00e7\u00e3o econ\u00f4mica.<\/li>\n\n\n\n<li><strong>Escolha Locais de Solicita\u00e7\u00e3o Confi\u00e1veis:<\/strong> Identifique e visite locais oficiais, como prefeituras, centros de assist\u00eancia social ou ag\u00eancias banc\u00e1rias autorizadas, para realizar sua inscri\u00e7\u00e3o.<\/li>\n\n\n\n<li><strong>Regularize sua Documenta\u00e7\u00e3o:<\/strong> Certifique-se de que todos os documentos apresentados estejam em conformidade com as normas do programa, evitando poss\u00edveis pend\u00eancias.<\/li>\n\n\n\n<li><strong>Mantenha Atualiza\u00e7\u00f5es Frequentes:<\/strong> Acompanhe regularmente o status de sua solicita\u00e7\u00e3o, utilizando o n\u00famero de protocolo, para estar ciente de qualquer desenvolvimento no processo.<\/li>\n\n\n\n<li><strong>Esteja Atento a Poss\u00edveis Pend\u00eancias:<\/strong> Em caso de pend\u00eancias, esteja preparado para agir prontamente, fornecendo as informa\u00e7\u00f5es ou documentos adicionais necess\u00e1rios.<\/li>\n\n\n\n<li><strong>Comunique-se com os \u00d3rg\u00e3os Respons\u00e1veis:<\/strong> Em situa\u00e7\u00f5es espec\u00edficas, saiba como e quando comunicar-se diretamente com os \u00f3rg\u00e3os respons\u00e1veis pelo programa para esclarecimentos adicionais.<\/li>\n<\/ol>\n\n\n\n<p>Ao seguir essa lista, voc\u00ea n\u00e3o apenas facilitar\u00e1 o processo de inscri\u00e7\u00e3o no Aux\u00edlio Emergencial Mineiro, mas tamb\u00e9m aumentar\u00e1 suas chances de sucesso, garantindo um acesso eficiente e seguro ao suporte financeiro necess\u00e1rio.<\/p>\n","protected":false},"excerpt":{"rendered":"<p>Em um contexto de desafios socioecon\u00f4micos, os programas de aux\u00edlio emergencial desempenham um papel vital em proporcionar apoio financeiro \u00e0s comunidades. Em sintonia com essa perspectiva, o estado de Minas Gerais apresenta uma iniciativa \u00fanica e crucial: o Aux\u00edlio Emergencial Mineiro. Este programa visa amparar aqueles que enfrentam dificuldades econ\u00f4micas, oferecendo um suporte financeiro tempor\u00e1rio [&hellip;]<\/p>\n","protected":false},"author":1,"featured_media":316,"comment_status":"open","ping_status":"open","sticky":false,"template":"","format":"standard","meta":{"footnotes":""},"categories":[1],"tags":[155],"_links":{"self":[{"href":"https:\/\/programassociais.net\/index.php\/wp-json\/wp\/v2\/posts\/315"}],"collection":[{"href":"https:\/\/programassociais.net\/index.php\/wp-json\/wp\/v2\/posts"}],"about":[{"href":"https:\/\/programassociais.net\/index.php\/wp-json\/wp\/v2\/types\/post"}],"author":[{"embeddable":true,"href":"https:\/\/programassociais.net\/index.php\/wp-json\/wp\/v2\/users\/1"}],"replies":[{"embeddable":true,"href":"https:\/\/programassociais.net\/index.php\/wp-json\/wp\/v2\/comments?post=315"}],"version-history":[{"count":1,"href":"https:\/\/programassociais.net\/index.php\/wp-json\/wp\/v2\/posts\/315\/revisions"}],"predecessor-version":[{"id":317,"href":"https:\/\/programassociais.net\/index.php\/wp-json\/wp\/v2\/posts\/315\/revisions\/317"}],"wp:featuredmedia":[{"embeddable":true,"href":"https:\/\/programassociais.net\/index.php\/wp-json\/wp\/v2\/media\/316"}],"wp:attachment":[{"href":"https:\/\/programassociais.net\/index.php\/wp-json\/wp\/v2\/media?parent=315"}],"wp:term":[{"taxonomy":"category","embeddable":true,"href":"https:\/\/programassociais.net\/index.php\/wp-json\/wp\/v2\/categories?post=315"},{"taxonomy":"post_tag","embeddable":true,"href":"https:\/\/programassociais.net\/index.php\/wp-json\/wp\/v2\/tags?post=315"}],"curies":[{"name":"wp","href":"https:\/\/api.w.org\/{rel}","templated":true}]}}