{"id":273,"date":"2024-01-04T21:41:04","date_gmt":"2024-01-05T00:41:04","guid":{"rendered":"https:\/\/programassociais.net\/?p=273"},"modified":"2024-01-04T21:45:40","modified_gmt":"2024-01-05T00:45:40","slug":"passe-livre-para-pessoas-com-deficiencia-facilitando-a-mobilidade-e-acessibilidade","status":"publish","type":"post","link":"https:\/\/programassociais.net\/index.php\/2024\/01\/04\/passe-livre-para-pessoas-com-deficiencia-facilitando-a-mobilidade-e-acessibilidade\/","title":{"rendered":"Passe Livre para Pessoas com Defici\u00eancia: Facilitando a Mobilidade e Acessibilidade"},"content":{"rendered":"\n<p>No cen\u00e1rio da luta pelos direitos e inclus\u00e3o das pessoas com defici\u00eancia, o acesso \u00e0 mobilidade \u00e9 uma pe\u00e7a-chave para a garantia da igualdade de oportunidades. <\/p>\n\n\n\n<p>Muitas vezes, a falta de acesso a um sistema de transporte acess\u00edvel e economicamente vi\u00e1vel representa um grande obst\u00e1culo para a plena participa\u00e7\u00e3o desses indiv\u00edduos na sociedade.<\/p>\n\n\n\n<p>\u00c9 nesse contexto que o Passe Livre para Pessoas com Defici\u00eancia surge como um elemento essencial na promo\u00e7\u00e3o da acessibilidade.<\/p>\n\n\n\n<figure class=\"wp-block-image size-large\"><img decoding=\"async\" loading=\"lazy\" width=\"1024\" height=\"576\" src=\"https:\/\/programassociais.net\/wp-content\/uploads\/2024\/01\/image-57-1024x576.png\" alt=\"\" class=\"wp-image-274\" srcset=\"https:\/\/programassociais.net\/wp-content\/uploads\/2024\/01\/image-57-1024x576.png 1024w, https:\/\/programassociais.net\/wp-content\/uploads\/2024\/01\/image-57-300x169.png 300w, https:\/\/programassociais.net\/wp-content\/uploads\/2024\/01\/image-57-768x432.png 768w, https:\/\/programassociais.net\/wp-content\/uploads\/2024\/01\/image-57.png 1280w\" sizes=\"(max-width: 1024px) 100vw, 1024px\" \/><\/figure>\n\n\n\n<h2 class=\"wp-block-heading\">O que \u00e9 o Passe Livre para Pessoas com Defici\u00eancia?<\/h2>\n\n\n\n<p>O Passe Livre \u00e9 um direito garantido por lei que concede \u00e0s pessoas com defici\u00eancia a isen\u00e7\u00e3o de tarifas em transportes coletivos, sejam \u00f4nibus, metr\u00f4s, trens ou barcas, em todo territ\u00f3rio nacional. <\/p>\n\n\n\n<p>Esse benef\u00edcio visa eliminar barreiras financeiras, permitindo que indiv\u00edduos com defici\u00eancia possam se deslocar com maior autonomia e independ\u00eancia.<\/p>\n\n\n\n<p>Este programa \u00e9 regulamentado pela Lei n\u00ba 8.899\/94 e pelo Decreto n\u00ba 3.691\/00, garantindo \u00e0s pessoas com defici\u00eancia o acesso gratuito ou com desconto em transportes coletivos interestaduais.<\/p>\n\n\n\n<h2 class=\"wp-block-heading\">Quem tem direito ao Passe Livre?<\/h2>\n\n\n\n<p>O Passe Livre \u00e9 direcionado a pessoas com defici\u00eancia, sejam elas f\u00edsicas, sensoriais, intelectuais ou m\u00faltiplas, que apresentem impedimentos de longo prazo que restrinjam sua participa\u00e7\u00e3o plena na sociedade. <\/p>\n\n\n\n<p>Conforme especificado na Lei Brasileira de Inclus\u00e3o (Lei n\u00ba 13.146\/2015). Para obter o benef\u00edcio, \u00e9 necess\u00e1rio possuir o documento de comprova\u00e7\u00e3o da defici\u00eancia, como laudo m\u00e9dico, e realizar um cadastro nos \u00f3rg\u00e3os competentes.<\/p>\n\n\n\n<p> Este programa, amparado por legisla\u00e7\u00f5es espec\u00edficas, visa n\u00e3o apenas oferecer isen\u00e7\u00e3o de tarifas nos meios de transporte, mas tamb\u00e9m possibilitar que indiv\u00edduos com defici\u00eancia tenham autonomia e liberdade para se deslocarem em seu dia a dia.<\/p>\n\n\n\n<p>O Passe Livre representa mais do que uma mera concess\u00e3o de benef\u00edcio; ele simboliza o direito b\u00e1sico \u00e0 mobilidade, permitindo que pessoas com defici\u00eancia tenham acesso facilitado a servi\u00e7os, educa\u00e7\u00e3o, trabalho, lazer e sa\u00fade.<\/p>\n\n\n\n<p> Essa iniciativa n\u00e3o apenas quebra barreiras econ\u00f4micas, mas tamb\u00e9m desempenha um papel significativo na quebra de barreiras sociais, promovendo a inclus\u00e3o e a participa\u00e7\u00e3o ativa desses indiv\u00edduos em diversos aspectos da vida cotidiana.<\/p>\n\n\n\n<p><strong>Procedimento para obter o Passe Livre<\/strong><\/p>\n\n\n\n<p>Para solicitar o Passe Livre, o primeiro passo \u00e9 obter o laudo m\u00e9dico atestando a defici\u00eancia. Em seguida, \u00e9 necess\u00e1rio realizar o cadastro nos \u00f3rg\u00e3os respons\u00e1veis, como a Secretaria de Estado da Pessoa com Defici\u00eancia, ou \u00f3rg\u00e3os equivalentes nos munic\u00edpios. <\/p>\n\n\n\n<p>O cadastro pode ser feito pessoalmente ou online, mediante o preenchimento de formul\u00e1rios espec\u00edficos.<\/p>\n\n\n\n<p>Ap\u00f3s a an\u00e1lise do cadastro, \u00e9 emitido um cart\u00e3o ou documento que concede o direito ao Passe Livre. Esse documento deve ser apresentado nos meios de transporte para usufruir do benef\u00edcio. <\/p>\n\n\n\n<p>\u00c9 importante ressaltar que os procedimentos podem variar de acordo com cada estado ou munic\u00edpio.<\/p>\n\n\n\n<h2 class=\"wp-block-heading\">Benef\u00edcios do Passe Livre para Pessoas com Defici\u00eancia<\/h2>\n\n\n\n<p>O Passe Livre vai muito al\u00e9m da isen\u00e7\u00e3o de tarifas. Ele proporciona independ\u00eancia e inclus\u00e3o social, permitindo que pessoas com defici\u00eancia tenham acesso a servi\u00e7os essenciais, educa\u00e7\u00e3o, emprego e lazer, sem depender exclusivamente de terceiros para se locomoverem.<\/p>\n\n\n\n<p><strong>Independ\u00eancia e Autonomia:<\/strong> A possibilidade de se deslocar livremente proporciona autonomia, permitindo que as pessoas com defici\u00eancia realizem suas atividades di\u00e1rias sem depender de ajuda constante.<\/p>\n\n\n\n<p><strong>Inclus\u00e3o Social:<\/strong> Acesso facilitado a locais de estudo, trabalho e lazer contribui para a inclus\u00e3o desses indiv\u00edduos na sociedade, promovendo intera\u00e7\u00f5es sociais e participa\u00e7\u00e3o ativa em diversas esferas.<\/p>\n\n\n\n<p><strong>Promo\u00e7\u00e3o da Sa\u00fade:<\/strong> O acesso facilitado aos servi\u00e7os de sa\u00fade, como consultas e terapias, \u00e9 essencial para o bem-estar f\u00edsico e mental das pessoas com defici\u00eancia.<\/p>\n\n\n\n<h2 class=\"wp-block-heading\">Conclus\u00e3o: Como obter o Passe Livre<\/h2>\n\n\n\n<p>Para solicitar o Passe Livre para Pessoas com Defici\u00eancia, siga estes passos simples:<\/p>\n\n\n\n<ol>\n<li><strong>Obtenha o laudo m\u00e9dico<\/strong> que ateste a defici\u00eancia.<\/li>\n\n\n\n<li><strong>Realize o cadastro<\/strong> nos \u00f3rg\u00e3os competentes, como a Secretaria de Estado da Pessoa com Defici\u00eancia ou equivalentes municipais.<\/li>\n\n\n\n<li><strong>Aguarde a an\u00e1lise<\/strong> do cadastro e a emiss\u00e3o do documento que concede o benef\u00edcio.<\/li>\n\n\n\n<li><strong>Apresente o documento nos meios de transporte<\/strong> para usufruir do Passe Livre.<\/li>\n<\/ol>\n\n\n\n<p>O Passe Livre \u00e9 uma conquista fundamental para a garantia dos direitos das pessoas com defici\u00eancia, promovendo igualdade de oportunidades e facilitando sua integra\u00e7\u00e3o na sociedade.<\/p>\n\n\n\n<p> \u00c9 essencial que todos tenham conhecimento sobre esse benef\u00edcio para garantir que ele seja acess\u00edvel a quem realmente precisa.<\/p>\n\n\n\n<p><strong>Adicionalmente,<\/strong> \u00e9 v\u00e1lido mencionar que algumas regi\u00f5es oferecem recursos adicionais, como transporte especializado para pessoas com defici\u00eancia, que pode ser agendado para atender necessidades espec\u00edficas de locomo\u00e7\u00e3o.<\/p>\n\n\n\n<p>Em suma, o Passe Livre para Pessoas com Defici\u00eancia desempenha um papel crucial na promo\u00e7\u00e3o da inclus\u00e3o e igualdade de oportunidades. <\/p>\n\n\n\n<p>\u00c9 vital que todas as pessoas com defici\u00eancia e suas fam\u00edlias conhe\u00e7am e usufruam desse direito, garantindo sua plena participa\u00e7\u00e3o na sociedade.<\/p>\n","protected":false},"excerpt":{"rendered":"<p>No cen\u00e1rio da luta pelos direitos e inclus\u00e3o das pessoas com defici\u00eancia, o acesso \u00e0 mobilidade \u00e9 uma pe\u00e7a-chave para a garantia da igualdade de oportunidades. Muitas vezes, a falta de acesso a um sistema de transporte acess\u00edvel e economicamente vi\u00e1vel representa um grande obst\u00e1culo para a plena participa\u00e7\u00e3o desses indiv\u00edduos na sociedade. \u00c9 nesse [&hellip;]<\/p>\n","protected":false},"author":1,"featured_media":0,"comment_status":"open","ping_status":"open","sticky":false,"template":"","format":"standard","meta":{"footnotes":""},"categories":[1],"tags":[54],"_links":{"self":[{"href":"https:\/\/programassociais.net\/index.php\/wp-json\/wp\/v2\/posts\/273"}],"collection":[{"href":"https:\/\/programassociais.net\/index.php\/wp-json\/wp\/v2\/posts"}],"about":[{"href":"https:\/\/programassociais.net\/index.php\/wp-json\/wp\/v2\/types\/post"}],"author":[{"embeddable":true,"href":"https:\/\/programassociais.net\/index.php\/wp-json\/wp\/v2\/users\/1"}],"replies":[{"embeddable":true,"href":"https:\/\/programassociais.net\/index.php\/wp-json\/wp\/v2\/comments?post=273"}],"version-history":[{"count":1,"href":"https:\/\/programassociais.net\/index.php\/wp-json\/wp\/v2\/posts\/273\/revisions"}],"predecessor-version":[{"id":275,"href":"https:\/\/programassociais.net\/index.php\/wp-json\/wp\/v2\/posts\/273\/revisions\/275"}],"wp:attachment":[{"href":"https:\/\/programassociais.net\/index.php\/wp-json\/wp\/v2\/media?parent=273"}],"wp:term":[{"taxonomy":"category","embeddable":true,"href":"https:\/\/programassociais.net\/index.php\/wp-json\/wp\/v2\/categories?post=273"},{"taxonomy":"post_tag","embeddable":true,"href":"https:\/\/programassociais.net\/index.php\/wp-json\/wp\/v2\/tags?post=273"}],"curies":[{"name":"wp","href":"https:\/\/api.w.org\/{rel}","templated":true}]}}