{"id":268,"date":"2024-01-04T21:36:48","date_gmt":"2024-01-05T00:36:48","guid":{"rendered":"https:\/\/programassociais.net\/?p=268"},"modified":"2024-01-04T21:36:49","modified_gmt":"2024-01-05T00:36:49","slug":"pro-jovem-adolescente-apoio-ao-desenvolvimento-de-jovens-talentos","status":"publish","type":"post","link":"https:\/\/programassociais.net\/index.php\/2024\/01\/04\/pro-jovem-adolescente-apoio-ao-desenvolvimento-de-jovens-talentos\/","title":{"rendered":"Pro Jovem Adolescente: Apoio ao desenvolvimento de jovens talentos"},"content":{"rendered":"\n<p>Os adolescentes representam uma fase crucial de descobertas, crescimento e desenvolvimento. \u00c9 um per\u00edodo onde a orienta\u00e7\u00e3o certa pode fazer uma enorme diferen\u00e7a em seus futuros. <\/p>\n\n\n\n<p>O programa &#8220;Pro Jovem Adolescente&#8221; visa proporcionar apoio e orienta\u00e7\u00e3o a esses jovens, oferecendo oportunidades valiosas para o seu desenvolvimento pessoal, educacional e profissional.<\/p>\n\n\n\n<p>Desempenha um papel vital na constru\u00e7\u00e3o de uma sociedade mais inclusiva e produtiva. Ao oferecer oportunidades para o desenvolvimento educacional e pessoal, ele ajuda a moldar jovens respons\u00e1veis e engajados, capazes de contribuir de maneira significativa para suas comunidades.<\/p>\n\n\n\n<figure class=\"wp-block-image size-large\"><img decoding=\"async\" loading=\"lazy\" width=\"1024\" height=\"576\" src=\"https:\/\/programassociais.net\/wp-content\/uploads\/2024\/01\/image-56-1024x576.png\" alt=\"\" class=\"wp-image-271\" srcset=\"https:\/\/programassociais.net\/wp-content\/uploads\/2024\/01\/image-56-1024x576.png 1024w, https:\/\/programassociais.net\/wp-content\/uploads\/2024\/01\/image-56-300x169.png 300w, https:\/\/programassociais.net\/wp-content\/uploads\/2024\/01\/image-56-768x432.png 768w, https:\/\/programassociais.net\/wp-content\/uploads\/2024\/01\/image-56.png 1280w\" sizes=\"(max-width: 1024px) 100vw, 1024px\" \/><\/figure>\n\n\n\n<h2 class=\"wp-block-heading\">O Que \u00c9 o Programa Pro Jovem Adolescente?<\/h2>\n\n\n\n<p>O Pro Jovem Adolescente \u00e9 um programa abrangente focado no suporte aos adolescentes, visando seu crescimento em diferentes aspectos.<\/p>\n\n\n\n<p> Com atividades diversificadas, oferece orienta\u00e7\u00e3o educacional, desenvolvimento de habilidades sociais, suporte emocional e at\u00e9 mesmo orienta\u00e7\u00e3o profissional.<\/p>\n\n\n\n<p>Este programa se destina a jovens com idades entre 15 e 17 anos, uma fase crucial em que est\u00e3o formando suas identidades e tomando decis\u00f5es importantes para o futuro. <\/p>\n\n\n\n<p>Ao oferecer orienta\u00e7\u00e3o e oportunidades espec\u00edficas, o Pro Jovem Adolescente visa prepar\u00e1-los para os desafios que encontrar\u00e3o \u00e0 medida que se aproximam da vida adulta.<\/p>\n\n\n\n<h2 class=\"wp-block-heading\">Objetivos do Programa<\/h2>\n\n\n\n<p>Os objetivos do Pro Jovem Adolescente s\u00e3o variados, mas focam principalmente em:<\/p>\n\n\n\n<p><strong>Educa\u00e7\u00e3o Integral:<\/strong> Oferecer suporte educacional para garantir que os participantes estejam bem equipados academicamente.<\/p>\n\n\n\n<p><strong>Desenvolvimento Pessoal:<\/strong> Auxiliar na constru\u00e7\u00e3o da autoestima, habilidades interpessoais e autoconhecimento.<\/p>\n\n\n\n<p><strong>Inclus\u00e3o Social:<\/strong> Promover a integra\u00e7\u00e3o social, respeito \u00e0s diferen\u00e7as e cidadania respons\u00e1vel.<\/p>\n\n\n\n<h2 class=\"wp-block-heading\">Benef\u00edcios do Programa Pro Jovem Adolescente<\/h2>\n\n\n\n<p>Os benef\u00edcios do programa s\u00e3o extensos e t\u00eam impacto direto no crescimento e na maturidade dos adolescentes envolvidos.<\/p>\n\n\n\n<p><strong>Desenvolvimento de Habilidades:<\/strong> Os participantes t\u00eam a oportunidade de desenvolver habilidades pr\u00e1ticas, como comunica\u00e7\u00e3o, resolu\u00e7\u00e3o de problemas e trabalho em equipe.<\/p>\n\n\n\n<p><strong>Orienta\u00e7\u00e3o Profissional:<\/strong> Recebem orienta\u00e7\u00e3o sobre diversas carreiras e informa\u00e7\u00f5es sobre o mercado de trabalho, preparando-os para futuras decis\u00f5es profissionais.<\/p>\n\n\n\n<p><strong>Suporte Emocional e Psicol\u00f3gico:<\/strong> O programa oferece um espa\u00e7o seguro para discutir quest\u00f5es emocionais, fornecendo apoio psicol\u00f3gico sempre que necess\u00e1rio.<\/p>\n\n\n\n<h2 class=\"wp-block-heading\">Experi\u00eancias de Sucesso do Pro Jovem Adolescente<\/h2>\n\n\n\n<p>V\u00e1rias hist\u00f3rias de sucesso surgiram a partir do programa. Jovens que participaram do Pro Jovem Adolescente t\u00eam testemunhado mudan\u00e7as positivas em suas vidas, seja alcan\u00e7ando objetivos acad\u00eamicos, ingressando no mercado de trabalho ou se tornando agentes de transforma\u00e7\u00e3o em suas comunidades.<\/p>\n\n\n\n<p><strong>Superando Desafios:<\/strong> Muitos jovens, ap\u00f3s participarem do programa, relataram uma melhora significativa na confian\u00e7a e na capacidade de superar desafios.<\/p>\n\n\n\n<p><strong>Inser\u00e7\u00e3o no Mercado de Trabalho:<\/strong> Alguns participantes encontraram oportunidades de est\u00e1gio ou emprego por meio das conex\u00f5es estabelecidas durante o programa.<\/p>\n\n\n\n<p><strong>Engajamento Comunit\u00e1rio:<\/strong> Outros se envolveram ativamente em projetos sociais, impactando positivamente suas comunidades.<\/p>\n\n\n\n<h2 class=\"wp-block-heading\">Como Participar do Programa Pro Jovem Adolescente: Um Guia Simples<\/h2>\n\n\n\n<h4 class=\"wp-block-heading\">Passo 1: Informe-se sobre o Programa<\/h4>\n\n\n\n<p>Pesquise online ou entre em contato com organiza\u00e7\u00f5es locais para obter informa\u00e7\u00f5es sobre o programa na sua regi\u00e3o.<\/p>\n\n\n\n<h4 class=\"wp-block-heading\">Passo 2: Verifique os Requisitos de Inscri\u00e7\u00e3o<\/h4>\n\n\n\n<p>Certifique-se de que voc\u00ea ou o adolescente que deseja participar atendem aos crit\u00e9rios de elegibilidade.<\/p>\n\n\n\n<h4 class=\"wp-block-heading\">Passo 3: Inscri\u00e7\u00e3o<\/h4>\n\n\n\n<p>Siga as instru\u00e7\u00f5es fornecidas para se inscrever no programa. Geralmente, h\u00e1 um formul\u00e1rio a ser preenchido e um processo de sele\u00e7\u00e3o.<\/p>\n\n\n\n<h4 class=\"wp-block-heading\">Passo 4: Participa\u00e7\u00e3o Ativa<\/h4>\n\n\n\n<p>Ao ser aceito no programa, participe ativamente de todas as atividades oferecidas, aproveitando ao m\u00e1ximo essa oportunidade \u00fanica.<\/p>\n\n\n\n<h4 class=\"wp-block-heading\">Passo 5: Busque Orienta\u00e7\u00e3o e Aproveite os Recursos Oferecidos<\/h4>\n\n\n\n<p>Engaje-se com os mentores e orientadores do programa, aproveite as oportunidades de aprendizado e esteja aberto para crescer e se desenvolver.<\/p>\n\n\n\n<h4 class=\"wp-block-heading\">Passo 6: Colha os Frutos e Contribua<\/h4>\n\n\n\n<p>Uma vez conclu\u00eddo o programa, utilize as habilidades adquiridas para avan\u00e7ar em sua jornada pessoal e, sempre que poss\u00edvel, contribua para a sociedade compartilhando seus conhecimentos e experi\u00eancias.<\/p>\n\n\n\n<p>O Pro Jovem Adolescente \u00e9 um programa excepcional que tem impactado positivamente a vida de muitos jovens ao redor do mundo. Ao oferecer orienta\u00e7\u00e3o, suporte e oportunidades valiosas, ele se torna um aliado importante no caminho para o sucesso e a realiza\u00e7\u00e3o pessoal durante a fase crucial da adolesc\u00eancia. Se voc\u00ea \u00e9 um jovem em busca de crescimento ou um respons\u00e1vel interessado em proporcionar oportunidades valiosas, considere o Pro Jovem Adolescente como um investimento significativo no futuro.<\/p>\n\n\n\n<h3 class=\"wp-block-heading\">Conclus\u00e3o: Empoderando Jovens para o Futuro<\/h3>\n\n\n\n<p>Em resumo, o Pro Jovem Adolescente \u00e9 uma iniciativa transformadora que desempenha um papel crucial no desenvolvimento de jovens talentos. <\/p>\n\n\n\n<p>Ao oferecer suporte educacional, orienta\u00e7\u00e3o profissional e incentivar o desenvolvimento pessoal, o programa prepara os adolescentes para os desafios do mundo moderno.<\/p>\n\n\n\n<p>Se voc\u00ea \u00e9 um adolescente em busca de oportunidades de crescimento ou um adulto interessado em apoiar o desenvolvimento dos jovens, o Pro Jovem Adolescente \u00e9 uma porta de entrada para um futuro mais promissor. <\/p>\n\n\n\n<p>Ao seguir os passos simples para participar do programa, \u00e9 poss\u00edvel colher os frutos de um investimento valioso no crescimento pessoal e no sucesso futuro. <\/p>\n\n\n\n<p>N\u00e3o apenas os participantes se beneficiam individualmente, mas tamb\u00e9m contribuem para uma sociedade mais forte e din\u00e2mica. Invista no potencial dos jovens, invista no Pro Jovem Adolescente!<\/p>\n","protected":false},"excerpt":{"rendered":"<p>Os adolescentes representam uma fase crucial de descobertas, crescimento e desenvolvimento. \u00c9 um per\u00edodo onde a orienta\u00e7\u00e3o certa pode fazer uma enorme diferen\u00e7a em seus futuros. O programa &#8220;Pro Jovem Adolescente&#8221; visa proporcionar apoio e orienta\u00e7\u00e3o a esses jovens, oferecendo oportunidades valiosas para o seu desenvolvimento pessoal, educacional e profissional. Desempenha um papel vital na [&hellip;]<\/p>\n","protected":false},"author":1,"featured_media":271,"comment_status":"open","ping_status":"open","sticky":false,"template":"","format":"standard","meta":{"footnotes":""},"categories":[1],"tags":[52],"_links":{"self":[{"href":"https:\/\/programassociais.net\/index.php\/wp-json\/wp\/v2\/posts\/268"}],"collection":[{"href":"https:\/\/programassociais.net\/index.php\/wp-json\/wp\/v2\/posts"}],"about":[{"href":"https:\/\/programassociais.net\/index.php\/wp-json\/wp\/v2\/types\/post"}],"author":[{"embeddable":true,"href":"https:\/\/programassociais.net\/index.php\/wp-json\/wp\/v2\/users\/1"}],"replies":[{"embeddable":true,"href":"https:\/\/programassociais.net\/index.php\/wp-json\/wp\/v2\/comments?post=268"}],"version-history":[{"count":1,"href":"https:\/\/programassociais.net\/index.php\/wp-json\/wp\/v2\/posts\/268\/revisions"}],"predecessor-version":[{"id":272,"href":"https:\/\/programassociais.net\/index.php\/wp-json\/wp\/v2\/posts\/268\/revisions\/272"}],"wp:featuredmedia":[{"embeddable":true,"href":"https:\/\/programassociais.net\/index.php\/wp-json\/wp\/v2\/media\/271"}],"wp:attachment":[{"href":"https:\/\/programassociais.net\/index.php\/wp-json\/wp\/v2\/media?parent=268"}],"wp:term":[{"taxonomy":"category","embeddable":true,"href":"https:\/\/programassociais.net\/index.php\/wp-json\/wp\/v2\/categories?post=268"},{"taxonomy":"post_tag","embeddable":true,"href":"https:\/\/programassociais.net\/index.php\/wp-json\/wp\/v2\/tags?post=268"}],"curies":[{"name":"wp","href":"https:\/\/api.w.org\/{rel}","templated":true}]}}