{"id":251,"date":"2024-01-04T21:17:48","date_gmt":"2024-01-05T00:17:48","guid":{"rendered":"https:\/\/programassociais.net\/?p=251"},"modified":"2024-01-04T21:17:49","modified_gmt":"2024-01-05T00:17:49","slug":"programa-brasil-carinhoso","status":"publish","type":"post","link":"https:\/\/programassociais.net\/index.php\/2024\/01\/04\/programa-brasil-carinhoso\/","title":{"rendered":"Programa Brasil Carinhoso"},"content":{"rendered":"\n<p>O Programa Brasil Carinhoso \u00e9 uma iniciativa do Governo Federal que visa reduzir a extrema pobreza e promover a inclus\u00e3o social de fam\u00edlias em situa\u00e7\u00e3o de vulnerabilidade, priorizando o amparo a crian\u00e7as de zero a seis anos de idade. <\/p>\n\n\n\n<p>Lan\u00e7ado em 2012, como parte do Plano Brasil Sem Mis\u00e9ria, esse programa se concentra na garantia de acesso a direitos b\u00e1sicos, como educa\u00e7\u00e3o, sa\u00fade e assist\u00eancia social, para as fam\u00edlias em condi\u00e7\u00f5es de extrema pobreza.<\/p>\n\n\n\n<figure class=\"wp-block-image size-large\"><img decoding=\"async\" loading=\"lazy\" width=\"1024\" height=\"576\" src=\"https:\/\/programassociais.net\/wp-content\/uploads\/2024\/01\/image-49-1024x576.png\" alt=\"\" class=\"wp-image-254\" srcset=\"https:\/\/programassociais.net\/wp-content\/uploads\/2024\/01\/image-49-1024x576.png 1024w, https:\/\/programassociais.net\/wp-content\/uploads\/2024\/01\/image-49-300x169.png 300w, https:\/\/programassociais.net\/wp-content\/uploads\/2024\/01\/image-49-768x432.png 768w, https:\/\/programassociais.net\/wp-content\/uploads\/2024\/01\/image-49.png 1280w\" sizes=\"(max-width: 1024px) 100vw, 1024px\" \/><\/figure>\n\n\n\n<h2 class=\"wp-block-heading\">Objetivos do Programa Brasil Carinhoso<\/h2>\n\n\n\n<p> O Brasil Carinhoso concentra-se na primeira inf\u00e2ncia, reconhecendo a import\u00e2ncia crucial dos primeiros anos de vida no desenvolvimento infantil. <\/p>\n\n\n\n<p>Destaca-se pela \u00eanfase na garantia de condi\u00e7\u00f5es m\u00ednimas para crian\u00e7as de zero a seis anos.<\/p>\n\n\n\n<p> O programa visa atingir as fam\u00edlias que vivem em condi\u00e7\u00f5es de pobreza extrema, oferecendo assist\u00eancia para que tenham acesso a servi\u00e7os b\u00e1sicos e oportunidades que promovam sua inclus\u00e3o social e melhoria de vida.<\/p>\n\n\n\n<p>Busca proporcionar assist\u00eancia integral \u00e0s fam\u00edlias em situa\u00e7\u00e3o de vulnerabilidade, implementando pol\u00edticas que assegurem o acesso \u00e0 sa\u00fade, educa\u00e7\u00e3o, assist\u00eancia social e alimenta\u00e7\u00e3o adequada.<\/p>\n\n\n\n<h2 class=\"wp-block-heading\">A\u00e7\u00f5es e Estrat\u00e9gias do Brasil Carinhoso<\/h2>\n\n\n\n<p><strong>Bolsa Fam\u00edlia Ampliada:<\/strong> Uma das a\u00e7\u00f5es fundamentais do Brasil Carinhoso foi a amplia\u00e7\u00e3o do Bolsa Fam\u00edlia, visando alcan\u00e7ar fam\u00edlias extremamente pobres com filhos de at\u00e9 15 anos. Esse aumento no benef\u00edcio contribuiu diretamente para a redu\u00e7\u00e3o da extrema pobreza.<\/p>\n\n\n\n<p><strong>Educa\u00e7\u00e3o Infantil Universal:<\/strong> O programa expandiu o acesso \u00e0 educa\u00e7\u00e3o infantil, buscando a universaliza\u00e7\u00e3o do atendimento \u00e0s crian\u00e7as de zero a cinco anos, por meio da cria\u00e7\u00e3o de mais creches e pr\u00e9-escolas.<\/p>\n\n\n\n<p><strong>Melhoria na Sa\u00fade Materno-Infantil:<\/strong> Investimentos foram direcionados para melhorar os servi\u00e7os de sa\u00fade materno-infantil, visando a redu\u00e7\u00e3o da mortalidade infantil e o aumento do acesso a cuidados adequados para gestantes e crian\u00e7as.<\/p>\n\n\n\n<p>A expans\u00e3o do Bolsa Fam\u00edlia, como parte do Brasil Carinhoso, proporcionou um aumento significativo no n\u00famero de fam\u00edlias beneficiadas, reduzindo a vulnerabilidade e a depend\u00eancia financeira de muitas delas, al\u00e9m de contribuir para a diminui\u00e7\u00e3o da desigualdade social.<\/p>\n\n\n\n<p>O programa teve um impacto direto na inclus\u00e3o social, garantindo que fam\u00edlias em situa\u00e7\u00e3o de extrema pobreza tivessem acesso a benef\u00edcios que lhes permitissem viver com mais dignidade, proporcionando melhores condi\u00e7\u00f5es de vida, educa\u00e7\u00e3o e sa\u00fade para as crian\u00e7as.<\/p>\n\n\n\n<p>Ao investir na primeira inf\u00e2ncia, o Brasil Carinhoso busca interromper o ciclo de pobreza que muitas vezes se perpetua de gera\u00e7\u00e3o em gera\u00e7\u00e3o, promovendo oportunidades mais equitativas para o desenvolvimento de crian\u00e7as em contextos desfavorecidos.<\/p>\n\n\n\n<h2 class=\"wp-block-heading\">Resultados e Impactos do Programa<\/h2>\n\n\n\n<ol>\n<li><strong>Redu\u00e7\u00e3o da Pobreza Extrema:<\/strong> O Brasil Carinhoso demonstrou resultados significativos na redu\u00e7\u00e3o da pobreza extrema no pa\u00eds, proporcionando melhoria nas condi\u00e7\u00f5es de vida de milh\u00f5es de fam\u00edlias.<\/li>\n\n\n\n<li><strong>Acesso \u00e0 Educa\u00e7\u00e3o e Sa\u00fade:<\/strong> O programa possibilitou um maior acesso \u00e0 educa\u00e7\u00e3o e aos servi\u00e7os de sa\u00fade para crian\u00e7as de fam\u00edlias em situa\u00e7\u00e3o de vulnerabilidade, promovendo um impacto positivo no desenvolvimento dessas crian\u00e7as.<\/li>\n\n\n\n<li><strong>Inclus\u00e3o Social e Cidadania:<\/strong> Por meio de pol\u00edticas de inclus\u00e3o social, o Brasil Carinhoso contribuiu para fortalecer a cidadania e a igualdade de oportunidades para as fam\u00edlias mais necessitadas.<\/li>\n<\/ol>\n\n\n\n<h2 class=\"wp-block-heading\">Desafios e Perspectivas Futuras<\/h2>\n\n\n\n<ol>\n<li><strong>Sustentabilidade do Programa:<\/strong> Garantir a continuidade e a efic\u00e1cia do Brasil Carinhoso \u00e9 um desafio constante, especialmente em meio a mudan\u00e7as pol\u00edticas e or\u00e7ament\u00e1rias.<\/li>\n\n\n\n<li><strong>Amplia\u00e7\u00e3o e Aperfei\u00e7oamento:<\/strong> Expandir os benef\u00edcios do programa e aprimorar suas estrat\u00e9gias s\u00e3o essenciais para alcan\u00e7ar um maior n\u00famero de fam\u00edlias em situa\u00e7\u00e3o de extrema pobreza e promover uma transforma\u00e7\u00e3o social duradoura.<\/li>\n<\/ol>\n\n\n\n<p>O Programa Brasil Carinhoso representa um esfor\u00e7o significativo do governo para combater a pobreza extrema e promover a inclus\u00e3o social, especialmente focado na primeira inf\u00e2ncia. <\/p>\n\n\n\n<p>Seus resultados positivos demonstram a import\u00e2ncia de pol\u00edticas p\u00fablicas voltadas para a garantia de direitos b\u00e1sicos e o fortalecimento das condi\u00e7\u00f5es de vida das fam\u00edlias mais vulner\u00e1veis. <\/p>\n\n\n\n<h2 class=\"wp-block-heading\">Conclus\u00e3o: Construindo um Futuro Mais Equitativo<\/h2>\n\n\n\n<p>O Programa Brasil Carinhoso representa um marco significativo na luta contra a pobreza extrema e na promo\u00e7\u00e3o da inclus\u00e3o social, especialmente focado na primeira inf\u00e2ncia. <\/p>\n\n\n\n<p>Ao proporcionar acesso a servi\u00e7os b\u00e1sicos, ampliar o Bolsa Fam\u00edlia e investir na qualidade da educa\u00e7\u00e3o e da sa\u00fade infantil, o programa teve um impacto positivo na vida de milh\u00f5es de fam\u00edlias em situa\u00e7\u00e3o de vulnerabilidade.<\/p>\n\n\n\n<p>A abordagem voltada para a primeira inf\u00e2ncia n\u00e3o apenas busca atenuar os efeitos da pobreza imediata, mas tamb\u00e9m visa quebrar o ciclo de desigualdade ao investir no desenvolvimento integral das crian\u00e7as. <\/p>\n\n\n\n<p>Os desafios persistem, especialmente diante das mudan\u00e7as pol\u00edticas e or\u00e7ament\u00e1rias, mas \u00e9 crucial manter o compromisso de garantir a continuidade e o fortalecimento dessas pol\u00edticas p\u00fablicas. <\/p>\n\n\n\n<p>A constru\u00e7\u00e3o de um futuro mais equitativo e justo para todos depende da efetiva\u00e7\u00e3o de programas como o Brasil Carinhoso, que buscam n\u00e3o apenas aliviar a pobreza, mas tamb\u00e9m proporcionar oportunidades igualit\u00e1rias para o desenvolvimento pleno de cada crian\u00e7a, independente de seu contexto socioecon\u00f4mico.<\/p>\n\n\n\n<p>Portanto, a manuten\u00e7\u00e3o e o fortalecimento dessas iniciativas s\u00e3o investimentos n\u00e3o apenas no presente, mas tamb\u00e9m na constru\u00e7\u00e3o de um futuro mais pr\u00f3spero e inclusivo para toda a sociedade brasileira.<\/p>\n","protected":false},"excerpt":{"rendered":"<p>O Programa Brasil Carinhoso \u00e9 uma iniciativa do Governo Federal que visa reduzir a extrema pobreza e promover a inclus\u00e3o social de fam\u00edlias em situa\u00e7\u00e3o de vulnerabilidade, priorizando o amparo a crian\u00e7as de zero a seis anos de idade. Lan\u00e7ado em 2012, como parte do Plano Brasil Sem Mis\u00e9ria, esse programa se concentra na garantia [&hellip;]<\/p>\n","protected":false},"author":1,"featured_media":254,"comment_status":"open","ping_status":"open","sticky":false,"template":"","format":"standard","meta":{"footnotes":""},"categories":[1],"tags":[47],"_links":{"self":[{"href":"https:\/\/programassociais.net\/index.php\/wp-json\/wp\/v2\/posts\/251"}],"collection":[{"href":"https:\/\/programassociais.net\/index.php\/wp-json\/wp\/v2\/posts"}],"about":[{"href":"https:\/\/programassociais.net\/index.php\/wp-json\/wp\/v2\/types\/post"}],"author":[{"embeddable":true,"href":"https:\/\/programassociais.net\/index.php\/wp-json\/wp\/v2\/users\/1"}],"replies":[{"embeddable":true,"href":"https:\/\/programassociais.net\/index.php\/wp-json\/wp\/v2\/comments?post=251"}],"version-history":[{"count":1,"href":"https:\/\/programassociais.net\/index.php\/wp-json\/wp\/v2\/posts\/251\/revisions"}],"predecessor-version":[{"id":255,"href":"https:\/\/programassociais.net\/index.php\/wp-json\/wp\/v2\/posts\/251\/revisions\/255"}],"wp:featuredmedia":[{"embeddable":true,"href":"https:\/\/programassociais.net\/index.php\/wp-json\/wp\/v2\/media\/254"}],"wp:attachment":[{"href":"https:\/\/programassociais.net\/index.php\/wp-json\/wp\/v2\/media?parent=251"}],"wp:term":[{"taxonomy":"category","embeddable":true,"href":"https:\/\/programassociais.net\/index.php\/wp-json\/wp\/v2\/categories?post=251"},{"taxonomy":"post_tag","embeddable":true,"href":"https:\/\/programassociais.net\/index.php\/wp-json\/wp\/v2\/tags?post=251"}],"curies":[{"name":"wp","href":"https:\/\/api.w.org\/{rel}","templated":true}]}}