{"id":229,"date":"2024-01-04T20:54:33","date_gmt":"2024-01-04T23:54:33","guid":{"rendered":"https:\/\/programassociais.net\/?p=229"},"modified":"2024-01-04T20:54:35","modified_gmt":"2024-01-04T23:54:35","slug":"sus-os-pilares-do-sistema-unico-de-saude","status":"publish","type":"post","link":"https:\/\/programassociais.net\/index.php\/2024\/01\/04\/sus-os-pilares-do-sistema-unico-de-saude\/","title":{"rendered":"SUS: Os Pilares do Sistema \u00danico de Sa\u00fade"},"content":{"rendered":"\n<p>O Sistema \u00danico de Sa\u00fade (SUS) \u00e9 um dos maiores sistemas p\u00fablicos de sa\u00fade do mundo, sendo refer\u00eancia internacional por sua abrang\u00eancia e princ\u00edpios fundamentais. <\/p>\n\n\n\n<p>Criado pela Constitui\u00e7\u00e3o Federal de 1988, o SUS \u00e9 uma conquista para a sa\u00fade p\u00fablica brasileira, garantindo o acesso universal, integral e igualit\u00e1rio \u00e0 sa\u00fade para toda a popula\u00e7\u00e3o do pa\u00eds, independentemente de condi\u00e7\u00e3o financeira. <\/p>\n\n\n\n<p>Para compreender a estrutura e os pilares do SUS, \u00e9 fundamental analisar seus aspectos fundamentais e sua import\u00e2ncia para a sociedade.<\/p>\n\n\n\n<figure class=\"wp-block-image size-large\"><img decoding=\"async\" loading=\"lazy\" width=\"1024\" height=\"576\" src=\"https:\/\/programassociais.net\/wp-content\/uploads\/2024\/01\/image-39-1024x576.png\" alt=\"\" class=\"wp-image-230\" srcset=\"https:\/\/programassociais.net\/wp-content\/uploads\/2024\/01\/image-39-1024x576.png 1024w, https:\/\/programassociais.net\/wp-content\/uploads\/2024\/01\/image-39-300x169.png 300w, https:\/\/programassociais.net\/wp-content\/uploads\/2024\/01\/image-39-768x432.png 768w, https:\/\/programassociais.net\/wp-content\/uploads\/2024\/01\/image-39.png 1280w\" sizes=\"(max-width: 1024px) 100vw, 1024px\" \/><\/figure>\n\n\n\n<h2 class=\"wp-block-heading\">Entendendo o SUS<\/h2>\n\n\n\n<p>O SUS \u00e9 um sistema p\u00fablico, integral, universal e gratuito que atende desde consultas b\u00e1sicas at\u00e9 procedimentos complexos, como cirurgias e transplantes. <\/p>\n\n\n\n<p>Sua estrutura se baseia em tr\u00eas pilares fundamentais: promo\u00e7\u00e3o, preven\u00e7\u00e3o e assist\u00eancia \u00e0 sa\u00fade. <\/p>\n\n\n\n<p>Al\u00e9m disso, o SUS \u00e9 financiado por recursos oriundos dos governos federal, estaduais e municipais, visando garantir o acesso amplo e equ\u00e2nime aos servi\u00e7os de sa\u00fade para toda a popula\u00e7\u00e3o brasileira.<\/p>\n\n\n\n<p>Um dos principais princ\u00edpios do SUS \u00e9 a universalidade, que garante que todos os cidad\u00e3os brasileiros tenham direito ao acesso aos servi\u00e7os de sa\u00fade, independente de classe social, g\u00eanero, ra\u00e7a ou localidade. <\/p>\n\n\n\n<p>O SUS est\u00e1 dispon\u00edvel para todos, desde a aten\u00e7\u00e3o b\u00e1sica at\u00e9 procedimentos mais complexos, garantindo cuidados para toda a popula\u00e7\u00e3o. <\/p>\n\n\n\n<p>Esse pilar representa a democratiza\u00e7\u00e3o do acesso \u00e0 sa\u00fade e \u00e9 um dos grandes avan\u00e7os do sistema p\u00fablico no pa\u00eds.<\/p>\n\n\n\n<p>A integralidade \u00e9 outro princ\u00edpio essencial do SUS. Ela determina que o sistema deve oferecer um atendimento completo e abrangente, considerando todas as necessidades de sa\u00fade de um indiv\u00edduo. <\/p>\n\n\n\n<p>Isso inclui n\u00e3o apenas a cura de doen\u00e7as, mas tamb\u00e9m a promo\u00e7\u00e3o da sa\u00fade e a preven\u00e7\u00e3o de enfermidades. <\/p>\n\n\n\n<p>Por meio da integralidade, o SUS busca oferecer tratamentos completos e integrados, levando em conta aspectos f\u00edsicos, mentais e sociais dos pacientes.<\/p>\n\n\n\n<p> A equidade \u00e9 um dos pilares mais importantes do SUS, garantindo que todos os cidad\u00e3os recebam a mesma qualidade de atendimento, independente de sua condi\u00e7\u00e3o socioecon\u00f4mica ou localidade. <\/p>\n\n\n\n<p>Esse princ\u00edpio visa reduzir as desigualdades existentes no acesso \u00e0 sa\u00fade, proporcionando cuidados justos e igualit\u00e1rios para toda a popula\u00e7\u00e3o. <\/p>\n\n\n\n<p>O SUS busca diminuir as disparidades de sa\u00fade entre diferentes grupos sociais, garantindo que todos tenham oportunidades iguais de receber cuidados de sa\u00fade adequados.<\/p>\n\n\n\n<h2 class=\"wp-block-heading\">Funcionamento e Desafios<\/h2>\n\n\n\n<p>O funcionamento do SUS \u00e9 baseado na articula\u00e7\u00e3o entre os diferentes n\u00edveis de aten\u00e7\u00e3o \u00e0 sa\u00fade: prim\u00e1rio, secund\u00e1rio e terci\u00e1rio. <\/p>\n\n\n\n<p>No entanto, o sistema enfrenta diversos desafios, como a sobrecarga nos servi\u00e7os, falta de investimentos e desigualdades regionais, que impactam a qualidade e a efici\u00eancia do atendimento.<\/p>\n\n\n\n<p> aten\u00e7\u00e3o prim\u00e1ria \u00e9 a base do SUS, sendo respons\u00e1vel pela maior parte do atendimento. Os postos de sa\u00fade e as unidades b\u00e1sicas s\u00e3o a porta de entrada para o sistema, oferecendo consultas, vacina\u00e7\u00e3o, exames preventivos e orienta\u00e7\u00f5es sobre sa\u00fade. <\/p>\n\n\n\n<p>No entanto, o desafio est\u00e1 na sobrecarga desses servi\u00e7os, muitas vezes superlotados e com dificuldades para atender toda a demanda, o que prejudica a efic\u00e1cia da preven\u00e7\u00e3o.<\/p>\n\n\n\n<p>Os servi\u00e7os de aten\u00e7\u00e3o secund\u00e1ria e terci\u00e1ria incluem hospitais, centros especializados e servi\u00e7os de urg\u00eancia e emerg\u00eancia. <\/p>\n\n\n\n<p>Esses locais s\u00e3o respons\u00e1veis por procedimentos mais complexos e atendimentos especializados. <\/p>\n\n\n\n<p>Os desafios nessa \u00e1rea incluem a falta de estrutura em algumas regi\u00f5es, longas filas de espera para cirurgias e a necessidade de maior integra\u00e7\u00e3o entre os diferentes n\u00edveis de aten\u00e7\u00e3o.<\/p>\n\n\n\n<p>O SUS depende do financiamento p\u00fablico para seu funcionamento. No entanto, os recursos muitas vezes s\u00e3o insuficientes para suprir todas as demandas, o que impacta na qualidade dos servi\u00e7os oferecidos.<\/p>\n\n\n\n<p>Al\u00e9m disso, a gest\u00e3o descentralizada, com participa\u00e7\u00e3o de diferentes esferas de governo, pode gerar desafios na coordena\u00e7\u00e3o e no planejamento de a\u00e7\u00f5es de sa\u00fade.<\/p>\n\n\n\n<h2 class=\"wp-block-heading\">Import\u00e2ncia e Avan\u00e7os Futuros<\/h2>\n\n\n\n<p>Apesar dos desafios, o SUS representa uma conquista para o Brasil, garantindo o direito \u00e0 sa\u00fade para toda a popula\u00e7\u00e3o. <\/p>\n\n\n\n<p>\u00c9 essencial reconhecer a import\u00e2ncia desse sistema e trabalhar para aprimor\u00e1-lo, visando a implementa\u00e7\u00e3o de pol\u00edticas p\u00fablicas que fortale\u00e7am e ampliem seu alcance.<\/p>\n\n\n\n<p>O SUS \u00e9 fundamental para garantir o acesso \u00e0 sa\u00fade para milh\u00f5es de brasileiros, especialmente para aqueles que n\u00e3o t\u00eam condi\u00e7\u00f5es de pagar por servi\u00e7os privados. <\/p>\n\n\n\n<p>Ele \u00e9 respons\u00e1vel por oferecer desde consultas b\u00e1sicas at\u00e9 tratamentos de alta complexidade, beneficiando pessoas de todas as idades. <\/p>\n\n\n\n<p>A exist\u00eancia do SUS \u00e9 vital para a promo\u00e7\u00e3o da sa\u00fade e para a preven\u00e7\u00e3o de doen\u00e7as em toda a sociedade.<\/p>\n\n\n\n<p>Para o futuro, \u00e9 crucial investir na melhoria da infraestrutura, na capacita\u00e7\u00e3o de profissionais de sa\u00fade, na amplia\u00e7\u00e3o do acesso a medicamentos e na gest\u00e3o eficiente dos recursos.<\/p>\n\n\n\n<p> Esses avan\u00e7os s\u00e3o fundamentais para enfrentar os desafios e garantir a efici\u00eancia do sistema. A busca por maior integra\u00e7\u00e3o entre os diferentes n\u00edveis de aten\u00e7\u00e3o \u00e0 sa\u00fade tamb\u00e9m \u00e9 essencial para proporcionar um atendimento mais eficaz.<\/p>\n\n\n\n<h2 class=\"wp-block-heading\">Conclus\u00e3o: Passo a Passo para Utilizar o SUS de Forma Efetiva<\/h2>\n\n\n\n<ol>\n<li><strong>Conhe\u00e7a seus Direitos e Deveres:<\/strong> Informe-se sobre os direitos assegurados pelo SUS e saiba como utiliz\u00e1-los de forma efetiva. Conhecer seus direitos \u00e9 o primeiro passo para acessar os servi\u00e7os dispon\u00edveis.<\/li>\n\n\n\n<li><strong>Busque a Aten\u00e7\u00e3o Prim\u00e1ria:<\/strong> Utilize os servi\u00e7os de aten\u00e7\u00e3o prim\u00e1ria para consultas de rotina, exames preventivos e orienta\u00e7\u00f5es sobre sa\u00fade. Essa \u00e9 a porta de entrada para o sistema e pode ajudar na preven\u00e7\u00e3o de doen\u00e7as.<\/li>\n<\/ol>\n\n\n\n<p>Em caso de necessidade de atendimento especializado, procure os servi\u00e7os de aten\u00e7\u00e3o secund\u00e1ria e terci\u00e1ria. <\/p>\n\n\n\n<p>Esteja ciente dos procedimentos necess\u00e1rios para acesso a esses servi\u00e7os.<\/p>\n\n\n\n<p>O SUS \u00e9 um patrim\u00f4nio do povo brasileiro e \u00e9 fundamental que a sociedade participe ativamente na sua defesa e melhoria. <\/p>\n\n\n\n<p>Buscar informa\u00e7\u00f5es, conhecer seus direitos e utilizar os servi\u00e7os de forma consciente s\u00e3o passos importantes para garantir a efetividade desse sistema t\u00e3o importante para a sa\u00fade de todos.<\/p>\n","protected":false},"excerpt":{"rendered":"<p>O Sistema \u00danico de Sa\u00fade (SUS) \u00e9 um dos maiores sistemas p\u00fablicos de sa\u00fade do mundo, sendo refer\u00eancia internacional por sua abrang\u00eancia e princ\u00edpios fundamentais. Criado pela Constitui\u00e7\u00e3o Federal de 1988, o SUS \u00e9 uma conquista para a sa\u00fade p\u00fablica brasileira, garantindo o acesso universal, integral e igualit\u00e1rio \u00e0 sa\u00fade para toda a popula\u00e7\u00e3o do [&hellip;]<\/p>\n","protected":false},"author":1,"featured_media":230,"comment_status":"open","ping_status":"open","sticky":false,"template":"","format":"standard","meta":{"footnotes":""},"categories":[1],"tags":[41],"_links":{"self":[{"href":"https:\/\/programassociais.net\/index.php\/wp-json\/wp\/v2\/posts\/229"}],"collection":[{"href":"https:\/\/programassociais.net\/index.php\/wp-json\/wp\/v2\/posts"}],"about":[{"href":"https:\/\/programassociais.net\/index.php\/wp-json\/wp\/v2\/types\/post"}],"author":[{"embeddable":true,"href":"https:\/\/programassociais.net\/index.php\/wp-json\/wp\/v2\/users\/1"}],"replies":[{"embeddable":true,"href":"https:\/\/programassociais.net\/index.php\/wp-json\/wp\/v2\/comments?post=229"}],"version-history":[{"count":1,"href":"https:\/\/programassociais.net\/index.php\/wp-json\/wp\/v2\/posts\/229\/revisions"}],"predecessor-version":[{"id":231,"href":"https:\/\/programassociais.net\/index.php\/wp-json\/wp\/v2\/posts\/229\/revisions\/231"}],"wp:featuredmedia":[{"embeddable":true,"href":"https:\/\/programassociais.net\/index.php\/wp-json\/wp\/v2\/media\/230"}],"wp:attachment":[{"href":"https:\/\/programassociais.net\/index.php\/wp-json\/wp\/v2\/media?parent=229"}],"wp:term":[{"taxonomy":"category","embeddable":true,"href":"https:\/\/programassociais.net\/index.php\/wp-json\/wp\/v2\/categories?post=229"},{"taxonomy":"post_tag","embeddable":true,"href":"https:\/\/programassociais.net\/index.php\/wp-json\/wp\/v2\/tags?post=229"}],"curies":[{"name":"wp","href":"https:\/\/api.w.org\/{rel}","templated":true}]}}