{"id":212,"date":"2024-01-04T19:58:09","date_gmt":"2024-01-04T22:58:09","guid":{"rendered":"https:\/\/programassociais.net\/?p=212"},"modified":"2024-01-04T19:58:11","modified_gmt":"2024-01-04T22:58:11","slug":"saude-da-familia-cuidados-no-nucleo-familiar","status":"publish","type":"post","link":"https:\/\/programassociais.net\/index.php\/2024\/01\/04\/saude-da-familia-cuidados-no-nucleo-familiar\/","title":{"rendered":"Sa\u00fade da Fam\u00edlia: Cuidados no N\u00facleo Familiar"},"content":{"rendered":"\n<p>A sa\u00fade da fam\u00edlia \u00e9 uma das bases fundamentais para o bem-estar coletivo de uma sociedade.<\/p>\n\n\n\n<p>Essa abordagem centrada na fam\u00edlia busca n\u00e3o apenas tratar doen\u00e7as, mas promover a sa\u00fade e prevenir problemas de sa\u00fade a partir do n\u00facleo familiar. <\/p>\n\n\n\n<p>Programa de Sa\u00fade da Fam\u00edlia \u00e9 uma iniciativa que se tornou refer\u00eancia mundialmente e desempenha um papel crucial na promo\u00e7\u00e3o da sa\u00fade e na preven\u00e7\u00e3o de doen\u00e7as.<\/p>\n\n\n\n<figure class=\"wp-block-image size-large\"><img decoding=\"async\" loading=\"lazy\" width=\"1024\" height=\"576\" src=\"https:\/\/programassociais.net\/wp-content\/uploads\/2024\/01\/image-34-1024x576.png\" alt=\"\" class=\"wp-image-215\" srcset=\"https:\/\/programassociais.net\/wp-content\/uploads\/2024\/01\/image-34-1024x576.png 1024w, https:\/\/programassociais.net\/wp-content\/uploads\/2024\/01\/image-34-300x169.png 300w, https:\/\/programassociais.net\/wp-content\/uploads\/2024\/01\/image-34-768x432.png 768w, https:\/\/programassociais.net\/wp-content\/uploads\/2024\/01\/image-34.png 1280w\" sizes=\"(max-width: 1024px) 100vw, 1024px\" \/><\/figure>\n\n\n\n<h3 class=\"wp-block-heading\">O Que \u00e9 Sa\u00fade da Fam\u00edlia?<\/h3>\n\n\n\n<p>O conceito de Sa\u00fade da Fam\u00edlia vai al\u00e9m do atendimento m\u00e9dico convencional. Ele abrange a\u00e7\u00f5es de preven\u00e7\u00e3o, promo\u00e7\u00e3o e recupera\u00e7\u00e3o da sa\u00fade de forma integral. <\/p>\n\n\n\n<p>Os profissionais que atuam nesse programa n\u00e3o se restringem apenas a tratar doen\u00e7as, mas buscam conhecer o contexto familiar, social e econ\u00f4mico dos pacientes, o que permite um cuidado mais abrangente e personalizado.<\/p>\n\n\n\n<p>Essa abordagem multidisciplinar inclui n\u00e3o apenas m\u00e9dicos, mas tamb\u00e9m enfermeiros, agentes comunit\u00e1rios de sa\u00fade e outros profissionais, que atuam de forma integrada para oferecer um cuidado hol\u00edstico aos indiv\u00edduos e suas fam\u00edlias.<\/p>\n\n\n\n<p>Atrav\u00e9s de visitas domiciliares, acompanhamento cont\u00ednuo e programas de educa\u00e7\u00e3o em sa\u00fade, o programa de Sa\u00fade da Fam\u00edlia visa n\u00e3o apenas tratar doen\u00e7as j\u00e1 existentes. <\/p>\n\n\n\n<p>Mas principalmente prevenir a ocorr\u00eancia de problemas de sa\u00fade, reduzindo a necessidade de interven\u00e7\u00f5es mais complexas.<\/p>\n\n\n\n<h3 class=\"wp-block-heading\">Benef\u00edcios do Programa de Sa\u00fade da Fam\u00edlia<\/h3>\n\n\n\n<p>O programa de Sa\u00fade da Fam\u00edlia tem trazido uma s\u00e9rie de benef\u00edcios significativos para as comunidades onde \u00e9 implementado.<\/p>\n\n\n\n<p> Esses benef\u00edcios n\u00e3o se limitam apenas \u00e0 esfera da sa\u00fade f\u00edsica, mas se estendem para aspectos emocionais, sociais e econ\u00f4micos das fam\u00edlias atendidas.<\/p>\n\n\n\n<p><strong>Promo\u00e7\u00e3o da preven\u00e7\u00e3o e cuidado integral:<\/strong> O programa enfatiza a preven\u00e7\u00e3o de doen\u00e7as atrav\u00e9s de campanhas de vacina\u00e7\u00e3o, orienta\u00e7\u00e3o sobre h\u00e1bitos saud\u00e1veis e detec\u00e7\u00e3o precoce de problemas de sa\u00fade. <\/p>\n\n\n\n<p>Isso resulta em um cuidado mais abrangente, reduzindo a necessidade de tratamentos mais invasivos e onerosos.<\/p>\n\n\n\n<p>Al\u00e9m disso, a abordagem integral considera n\u00e3o apenas a sa\u00fade f\u00edsica, mas tamb\u00e9m a sa\u00fade mental e emocional dos membros da fam\u00edlia.<\/p>\n\n\n\n<p><strong>Redu\u00e7\u00e3o da demanda por servi\u00e7os hospitalares:<\/strong> Ao prevenir problemas de sa\u00fade e tratar quest\u00f5es de forma precoce, o programa contribui para a diminui\u00e7\u00e3o das interna\u00e7\u00f5es hospitalares. <\/p>\n\n\n\n<p>Aliviando a demanda por servi\u00e7os hospitalares e reduzindo os custos associados ao tratamento de doen\u00e7as mais avan\u00e7adas.<\/p>\n\n\n\n<p>Com visitas domiciliares e acompanhamento constante, muitas quest\u00f5es de sa\u00fade podem ser resolvidas no \u00e2mbito familiar, evitando deslocamentos desnecess\u00e1rios aos hospitais.<\/p>\n\n\n\n<p><strong>Fortalecimento dos v\u00ednculos familiares e comunit\u00e1rios:<\/strong> O contato regular dos profissionais de sa\u00fade com as fam\u00edlias fortalece os la\u00e7os comunit\u00e1rios e a confian\u00e7a entre os membros da fam\u00edlia e os profissionais de sa\u00fade. <\/p>\n\n\n\n<p>Isso promove um ambiente mais favor\u00e1vel ao cuidado e \u00e0 promo\u00e7\u00e3o da sa\u00fade. <\/p>\n\n\n\n<p>Al\u00e9m disso, ao compreender as din\u00e2micas familiares, os profissionais podem oferecer orienta\u00e7\u00f5es espec\u00edficas para cada contexto, melhorando a qualidade de vida das fam\u00edlias.<\/p>\n\n\n\n<h3 class=\"wp-block-heading\">Desafios e Perspectivas Futuras<\/h3>\n\n\n\n<p>Apesar dos in\u00fameros benef\u00edcios, o programa de Sa\u00fade da Fam\u00edlia enfrenta desafios significativos. <\/p>\n\n\n\n<p>Quest\u00f5es como a falta de recursos financeiros, dificuldades de acesso em \u00e1reas remotas e a necessidade de amplia\u00e7\u00e3o do quadro de profissionais s\u00e3o alguns dos desafios a serem enfrentados.<\/p>\n\n\n\n<p><strong>Escassez de recursos financeiros e infraestrutura:<\/strong> A falta de investimento adequado em infraestrutura e recursos financeiros limita a expans\u00e3o e a efic\u00e1cia do programa. <\/p>\n\n\n\n<p>Em muitas regi\u00f5es, a car\u00eancia de estrutura adequada para os atendimentos dificulta a presta\u00e7\u00e3o de um servi\u00e7o de qualidade. <\/p>\n\n\n\n<p>Investimentos cont\u00ednuos s\u00e3o essenciais para garantir o funcionamento adequado do programa, desde a capacita\u00e7\u00e3o dos profissionais at\u00e9 a disponibilidade de equipamentos e insumos necess\u00e1rios.<\/p>\n\n\n\n<p><strong>Dificuldades de acesso em \u00e1reas remotas:<\/strong> Em regi\u00f5es mais afastadas e de dif\u00edcil acesso, a log\u00edstica para realizar visitas domiciliares e oferecer atendimentos adequados se torna um desafio.<\/p>\n\n\n\n<p> A falta de infraestrutura vi\u00e1ria e as dist\u00e2ncias ampliam as dificuldades para oferecer um cuidado eficiente. <\/p>\n\n\n\n<p>Solu\u00e7\u00f5es criativas, como o uso de tecnologia para consultas remotas e a implementa\u00e7\u00e3o de unidades m\u00f3veis de sa\u00fade, podem ajudar a superar esses obst\u00e1culos.<\/p>\n\n\n\n<p><strong>Amplia\u00e7\u00e3o do quadro de profissionais de sa\u00fade:<\/strong>   H\u00e1 uma necessidade crescente de profissionais de sa\u00fade qualificados para atuar no programa de Sa\u00fade da Fam\u00edlia. <\/p>\n\n\n\n<p>Aumentar o n\u00famero de profissionais e garantir sua capacita\u00e7\u00e3o cont\u00ednua s\u00e3o aspectos cruciais para expandir o alcance e a efic\u00e1cia do programa. <\/p>\n\n\n\n<p>Incentivos para atrair e reter profissionais em \u00e1reas remotas e carentes, como bolsas de estudo, programas de capacita\u00e7\u00e3o e melhores condi\u00e7\u00f5es de trabalho, podem ser estrat\u00e9gias eficazes para enfrentar essa car\u00eancia.<\/p>\n\n\n\n<h2 class=\"wp-block-heading\">Conclus\u00e3o: Passo a Passo para Promover a Sa\u00fade da Fam\u00edlia<\/h2>\n\n\n\n<ol>\n<li><strong>Educa\u00e7\u00e3o em Sa\u00fade Familiar:<\/strong>Investir na educa\u00e7\u00e3o em sa\u00fade \u00e9 essencial para promover h\u00e1bitos saud\u00e1veis e prevenir doen\u00e7as. Realize campanhas de conscientiza\u00e7\u00e3o e disponibilize informa\u00e7\u00f5es relevantes sobre cuidados com a sa\u00fade familiar.<\/li>\n\n\n\n<li><strong>Incentivo \u00e0 Preven\u00e7\u00e3o:<\/strong>Priorize a preven\u00e7\u00e3o atrav\u00e9s de visitas regulares aos servi\u00e7os de sa\u00fade, vacina\u00e7\u00e3o em dia e a pr\u00e1tica de atividades f\u00edsicas e alimenta\u00e7\u00e3o saud\u00e1vel.<\/li>\n\n\n\n<li><strong>Acompanhamento M\u00e9dico Regular:<\/strong>Fa\u00e7a do acompanhamento m\u00e9dico uma pr\u00e1tica frequente. Mantenha consultas peri\u00f3dicas com profissionais de sa\u00fade para um diagn\u00f3stico precoce de poss\u00edveis doen\u00e7as e para garantir a sa\u00fade de toda a fam\u00edlia.<\/li>\n<\/ol>\n\n\n\n<p>A sa\u00fade da fam\u00edlia desempenha um papel fundamental na sociedade, e o programa de Sa\u00fade da Fam\u00edlia \u00e9 uma ferramenta valiosa para promover um cuidado hol\u00edstico e preventivo.<\/p>\n\n\n\n<p>Enfrentar os desafios e investir na expans\u00e3o e aprimoramento desse programa s\u00e3o passos essenciais para garantir o bem-estar e a sa\u00fade das fam\u00edlias em todo o pa\u00eds.<\/p>\n","protected":false},"excerpt":{"rendered":"<p>A sa\u00fade da fam\u00edlia \u00e9 uma das bases fundamentais para o bem-estar coletivo de uma sociedade. Essa abordagem centrada na fam\u00edlia busca n\u00e3o apenas tratar doen\u00e7as, mas promover a sa\u00fade e prevenir problemas de sa\u00fade a partir do n\u00facleo familiar. Programa de Sa\u00fade da Fam\u00edlia \u00e9 uma iniciativa que se tornou refer\u00eancia mundialmente e desempenha [&hellip;]<\/p>\n","protected":false},"author":1,"featured_media":215,"comment_status":"open","ping_status":"open","sticky":false,"template":"","format":"standard","meta":{"footnotes":""},"categories":[1],"tags":[34],"_links":{"self":[{"href":"https:\/\/programassociais.net\/index.php\/wp-json\/wp\/v2\/posts\/212"}],"collection":[{"href":"https:\/\/programassociais.net\/index.php\/wp-json\/wp\/v2\/posts"}],"about":[{"href":"https:\/\/programassociais.net\/index.php\/wp-json\/wp\/v2\/types\/post"}],"author":[{"embeddable":true,"href":"https:\/\/programassociais.net\/index.php\/wp-json\/wp\/v2\/users\/1"}],"replies":[{"embeddable":true,"href":"https:\/\/programassociais.net\/index.php\/wp-json\/wp\/v2\/comments?post=212"}],"version-history":[{"count":1,"href":"https:\/\/programassociais.net\/index.php\/wp-json\/wp\/v2\/posts\/212\/revisions"}],"predecessor-version":[{"id":216,"href":"https:\/\/programassociais.net\/index.php\/wp-json\/wp\/v2\/posts\/212\/revisions\/216"}],"wp:featuredmedia":[{"embeddable":true,"href":"https:\/\/programassociais.net\/index.php\/wp-json\/wp\/v2\/media\/215"}],"wp:attachment":[{"href":"https:\/\/programassociais.net\/index.php\/wp-json\/wp\/v2\/media?parent=212"}],"wp:term":[{"taxonomy":"category","embeddable":true,"href":"https:\/\/programassociais.net\/index.php\/wp-json\/wp\/v2\/categories?post=212"},{"taxonomy":"post_tag","embeddable":true,"href":"https:\/\/programassociais.net\/index.php\/wp-json\/wp\/v2\/tags?post=212"}],"curies":[{"name":"wp","href":"https:\/\/api.w.org\/{rel}","templated":true}]}}