{"id":207,"date":"2024-01-04T09:07:02","date_gmt":"2024-01-04T12:07:02","guid":{"rendered":"https:\/\/programassociais.net\/?p=207"},"modified":"2024-01-04T09:07:03","modified_gmt":"2024-01-04T12:07:03","slug":"mais-medicos-saude-com-profissionais-qualificados","status":"publish","type":"post","link":"https:\/\/programassociais.net\/index.php\/2024\/01\/04\/mais-medicos-saude-com-profissionais-qualificados\/","title":{"rendered":"Mais M\u00e9dicos: Sa\u00fade com Profissionais Qualificados"},"content":{"rendered":"\n<p>A sa\u00fade p\u00fablica \u00e9 um dos pilares fundamentais para o bem-estar de uma sociedade, o programa &#8220;Mais M\u00e9dicos&#8221; tem se destacado como uma iniciativa crucial para ampliar o acesso \u00e0 sa\u00fade de qualidade em \u00e1reas desfavorecidas do pa\u00eds. <\/p>\n\n\n\n<p>Desde sua implementa\u00e7\u00e3o, o programa tem sido um ponto de discuss\u00e3o relevante, apresentando avan\u00e7os not\u00e1veis na promo\u00e7\u00e3o da assist\u00eancia m\u00e9dica a popula\u00e7\u00f5es que antes enfrentavam car\u00eancia de profissionais de sa\u00fade.<\/p>\n\n\n\n<p>O Mais M\u00e9dicos teve um impacto substancial na sa\u00fade p\u00fablica do Brasil. Ele contribuiu para a amplia\u00e7\u00e3o do atendimento b\u00e1sico de sa\u00fade.<\/p>\n\n\n\n<p>Levando cuidados m\u00e9dicos essenciais para comunidades que anteriormente enfrentavam dificuldades para acessar servi\u00e7os m\u00e9dicos adequados.<\/p>\n\n\n\n<figure class=\"wp-block-image size-large\"><img decoding=\"async\" loading=\"lazy\" width=\"1024\" height=\"576\" src=\"https:\/\/programassociais.net\/wp-content\/uploads\/2024\/01\/image-31-1024x576.png\" alt=\"\" class=\"wp-image-208\" srcset=\"https:\/\/programassociais.net\/wp-content\/uploads\/2024\/01\/image-31-1024x576.png 1024w, https:\/\/programassociais.net\/wp-content\/uploads\/2024\/01\/image-31-300x169.png 300w, https:\/\/programassociais.net\/wp-content\/uploads\/2024\/01\/image-31-768x432.png 768w, https:\/\/programassociais.net\/wp-content\/uploads\/2024\/01\/image-31.png 1280w\" sizes=\"(max-width: 1024px) 100vw, 1024px\" \/><\/figure>\n\n\n\n<h2 class=\"wp-block-heading\">O Contexto do Programa Mais M\u00e9dicos<\/h2>\n\n\n\n<p>O programa &#8220;Mais M\u00e9dicos&#8221; foi lan\u00e7ado em 2013 com o objetivo principal de levar assist\u00eancia m\u00e9dica a regi\u00f5es carentes, principalmente nas \u00e1reas rurais e periferias urbanas. <\/p>\n\n\n\n<p>Com a chegada dos profissionais estrangeiros, especialmente cubanos, houve um aumento significativo no atendimento b\u00e1sico \u00e0 sa\u00fade, beneficiando milh\u00f5es de brasileiros que antes enfrentavam dificuldades de acesso a servi\u00e7os m\u00e9dicos essenciais.<\/p>\n\n\n\n<p>Os m\u00e9dicos contratados pelo programa passaram a desempenhar um papel crucial no fortalecimento da aten\u00e7\u00e3o prim\u00e1ria, realizando consultas, acompanhamentos, vacina\u00e7\u00f5es e preven\u00e7\u00e3o de doen\u00e7as. <\/p>\n\n\n\n<p>Isso contribuiu para a redu\u00e7\u00e3o das filas de espera e possibilitou um cuidado mais pr\u00f3ximo e constante aos pacientes.<\/p>\n\n\n\n<p>No entanto, o programa enfrentou controv\u00e9rsias e debates, especialmente relacionados \u00e0s condi\u00e7\u00f5es de trabalho, forma\u00e7\u00e3o e revalida\u00e7\u00e3o dos diplomas dos profissionais estrangeiros. <\/p>\n\n\n\n<h2 class=\"wp-block-heading\">Impactos Positivos do Programa<\/h2>\n\n\n\n<p>Os resultados do Mais M\u00e9dicos s\u00e3o vis\u00edveis em diferentes aspectos do sistema de sa\u00fade. Uma das conquistas mais not\u00e1veis foi a amplia\u00e7\u00e3o do acesso aos servi\u00e7os m\u00e9dicos b\u00e1sicos, reduzindo as desigualdades regionais no atendimento \u00e0 sa\u00fade. <\/p>\n\n\n\n<p>Al\u00e9m disso, houve um aumento na cobertura de sa\u00fade da fam\u00edlia e uma diminui\u00e7\u00e3o das taxas de mortalidade infantil em \u00e1reas atendidas pelo programa.<\/p>\n\n\n\n<p>Outro ponto crucial foi a melhoria na qualidade de vida dos pacientes atendidos, uma vez que a presen\u00e7a desses profissionais promoveu diagn\u00f3sticos precoces e um acompanhamento mais efetivo das condi\u00e7\u00f5es de sa\u00fade, prevenindo complica\u00e7\u00f5es e garantindo tratamentos adequados.<\/p>\n\n\n\n<p>Al\u00e9m disso, o interc\u00e2mbio de conhecimento entre m\u00e9dicos estrangeiros e brasileiros possibilitou uma troca de experi\u00eancias valiosas, enriquecendo o sistema de sa\u00fade como um todo.<\/p>\n\n\n\n<h2 class=\"wp-block-heading\">Desafios e Cr\u00edticas<\/h2>\n\n\n\n<p>Apesar dos avan\u00e7os, o programa enfrentou cr\u00edticas e desafios. A depend\u00eancia inicial de m\u00e9dicos estrangeiros, especialmente cubanos, gerou questionamentos sobre a capacidade de formar profissionais m\u00e9dicos brasileiros em n\u00famero suficiente para atender \u00e0s demandas do pa\u00eds.<\/p>\n\n\n\n<p>Outro ponto controverso foi a necessidade de revalida\u00e7\u00e3o dos diplomas dos m\u00e9dicos estrangeiros, tema que gerou discuss\u00f5es acaloradas entre defensores e opositores do programa. <\/p>\n\n\n\n<p>Quest\u00f5es trabalhistas e estrutura prec\u00e1ria em algumas \u00e1reas tamb\u00e9m foram apontadas como desafios a serem enfrentados.<\/p>\n\n\n\n<h2 class=\"wp-block-heading\">O Futuro do Programa Mais M\u00e9dicos<\/h2>\n\n\n\n<p>Diante dos desafios e conquistas, o futuro do programa Mais M\u00e9dicos \u00e9 uma quest\u00e3o relevante para o cen\u00e1rio da sa\u00fade p\u00fablica no Brasil. <\/p>\n\n\n\n<p>A busca por solu\u00e7\u00f5es que garantam a continuidade e aprimoramento do programa, valorizando a forma\u00e7\u00e3o de m\u00e9dicos locais e a melhoria das condi\u00e7\u00f5es de trabalho, \u00e9 fundamental para manter e expandir os benef\u00edcios alcan\u00e7ados.<\/p>\n\n\n\n<p>Investir na forma\u00e7\u00e3o e incentivar a atua\u00e7\u00e3o de m\u00e9dicos brasileiros, especialmente nas regi\u00f5es mais carentes, pode reduzir a depend\u00eancia de profissionais estrangeiros e promover um sistema de sa\u00fade mais sustent\u00e1vel e integrado.<\/p>\n\n\n\n<p>Oferecer melhores condi\u00e7\u00f5es de trabalho, infraestrutura adequada, sal\u00e1rios justos e seguran\u00e7a para os profissionais de sa\u00fade s\u00e3o aspectos essenciais para atrair e reter m\u00e9dicos em \u00e1reas.<\/p>\n\n\n\n<h2 class=\"wp-block-heading\">Conclus\u00e3o: Passos para o Futuro<\/h2>\n\n\n\n<ol>\n<li><strong>Investimento na forma\u00e7\u00e3o de profissionais locais:<\/strong> Incentivar e ampliar o acesso \u00e0 educa\u00e7\u00e3o m\u00e9dica, visando a forma\u00e7\u00e3o de mais profissionais qualificados em todo o pa\u00eds.<\/li>\n\n\n\n<li><strong>Melhoria da infraestrutura:<\/strong> Investir na estrutura\u00e7\u00e3o e equipamento das unidades b\u00e1sicas de sa\u00fade para garantir um ambiente adequado para o trabalho dos m\u00e9dicos.<\/li>\n\n\n\n<li><strong>Di\u00e1logo e coopera\u00e7\u00e3o:<\/strong> Promover o di\u00e1logo entre diferentes entidades e \u00f3rg\u00e3os para aprimorar o programa, considerando as diferentes perspectivas e necessidades.<\/li>\n\n\n\n<li><strong>Aprimoramento das condi\u00e7\u00f5es de trabalho:<\/strong> Garantir condi\u00e7\u00f5es adequadas de trabalho para os m\u00e9dicos, valorizando seus esfor\u00e7os e contribui\u00e7\u00f5es para a sa\u00fade p\u00fablica.<\/li>\n<\/ol>\n\n\n\n<p>O programa Mais M\u00e9dicos representa um importante avan\u00e7o na promo\u00e7\u00e3o da sa\u00fade p\u00fablica no Brasil. <\/p>\n\n\n\n<p>Entretanto, para garantir sua continuidade e efic\u00e1cia, \u00e9 necess\u00e1rio superar desafios e investir em medidas que fortale\u00e7am a forma\u00e7\u00e3o de profissionais locais e a estrutura\u00e7\u00e3o do sistema de sa\u00fade, assegurando que todos os brasileiros tenham acesso a cuidados m\u00e9dicos de qualidade.<\/p>\n","protected":false},"excerpt":{"rendered":"<p>A sa\u00fade p\u00fablica \u00e9 um dos pilares fundamentais para o bem-estar de uma sociedade, o programa &#8220;Mais M\u00e9dicos&#8221; tem se destacado como uma iniciativa crucial para ampliar o acesso \u00e0 sa\u00fade de qualidade em \u00e1reas desfavorecidas do pa\u00eds. Desde sua implementa\u00e7\u00e3o, o programa tem sido um ponto de discuss\u00e3o relevante, apresentando avan\u00e7os not\u00e1veis na promo\u00e7\u00e3o [&hellip;]<\/p>\n","protected":false},"author":1,"featured_media":208,"comment_status":"open","ping_status":"open","sticky":false,"template":"","format":"standard","meta":{"footnotes":""},"categories":[1],"tags":[33],"_links":{"self":[{"href":"https:\/\/programassociais.net\/index.php\/wp-json\/wp\/v2\/posts\/207"}],"collection":[{"href":"https:\/\/programassociais.net\/index.php\/wp-json\/wp\/v2\/posts"}],"about":[{"href":"https:\/\/programassociais.net\/index.php\/wp-json\/wp\/v2\/types\/post"}],"author":[{"embeddable":true,"href":"https:\/\/programassociais.net\/index.php\/wp-json\/wp\/v2\/users\/1"}],"replies":[{"embeddable":true,"href":"https:\/\/programassociais.net\/index.php\/wp-json\/wp\/v2\/comments?post=207"}],"version-history":[{"count":1,"href":"https:\/\/programassociais.net\/index.php\/wp-json\/wp\/v2\/posts\/207\/revisions"}],"predecessor-version":[{"id":209,"href":"https:\/\/programassociais.net\/index.php\/wp-json\/wp\/v2\/posts\/207\/revisions\/209"}],"wp:featuredmedia":[{"embeddable":true,"href":"https:\/\/programassociais.net\/index.php\/wp-json\/wp\/v2\/media\/208"}],"wp:attachment":[{"href":"https:\/\/programassociais.net\/index.php\/wp-json\/wp\/v2\/media?parent=207"}],"wp:term":[{"taxonomy":"category","embeddable":true,"href":"https:\/\/programassociais.net\/index.php\/wp-json\/wp\/v2\/categories?post=207"},{"taxonomy":"post_tag","embeddable":true,"href":"https:\/\/programassociais.net\/index.php\/wp-json\/wp\/v2\/tags?post=207"}],"curies":[{"name":"wp","href":"https:\/\/api.w.org\/{rel}","templated":true}]}}