{"id":201,"date":"2024-01-04T08:45:48","date_gmt":"2024-01-04T11:45:48","guid":{"rendered":"https:\/\/programassociais.net\/?p=201"},"modified":"2024-01-04T20:24:28","modified_gmt":"2024-01-04T23:24:28","slug":"tarifa-social-de-energia-eletrica-economia-para-familias-de-baixa-renda","status":"publish","type":"post","link":"https:\/\/programassociais.net\/index.php\/2024\/01\/04\/tarifa-social-de-energia-eletrica-economia-para-familias-de-baixa-renda\/","title":{"rendered":"Tarifa Social de Energia El\u00e9trica: Economia para Fam\u00edlias de Baixa Renda"},"content":{"rendered":"\n<p>A Tarifa Social de Energia El\u00e9trica \u00e9 um programa criado pelo governo para oferecer descontos na conta de luz \u00e0s fam\u00edlias de baixa renda.<\/p>\n\n\n\n<p>Essa iniciativa visa proporcionar maior acessibilidade aos servi\u00e7os b\u00e1sicos de energia el\u00e9trica, contribuindo para a redu\u00e7\u00e3o das desigualdades sociais e auxiliando na diminui\u00e7\u00e3o do impacto dos gastos com energia no or\u00e7amento familiar.<\/p>\n\n\n\n<h2 class=\"wp-block-heading\">Entendendo a Tarifa Social de Energia El\u00e9trica<\/h2>\n\n\n\n<p>A Tarifa Social de Energia El\u00e9trica \u00e9 um benef\u00edcio regulamentado pela Ag\u00eancia Nacional de Energia El\u00e9trica (ANEEL) e oferecido pelas distribuidoras de energia em todo o pa\u00eds. <\/p>\n\n\n\n<p>O programa concede descontos na conta de luz de acordo com a faixa de consumo e a classifica\u00e7\u00e3o socioecon\u00f4mica da fam\u00edlia.<\/p>\n\n\n\n<p>Apesar dos benef\u00edcios da Tarifa Social, alguns desafios ainda est\u00e3o presentes, como a falta de informa\u00e7\u00e3o sobre o programa, dificuldades no cadastramento e atualiza\u00e7\u00e3o dos dados nos \u00f3rg\u00e3os respons\u00e1veis. <\/p>\n\n\n\n<p>Superar essas barreiras requer um esfor\u00e7o conjunto do governo, distribuidoras de energia e entidades sociais para simplificar os processos de acesso e garantir que todas as fam\u00edlias eleg\u00edveis possam usufruir do benef\u00edcio.<\/p>\n\n\n\n<h2 class=\"wp-block-heading\">Requisitos e Elegibilidade para a Tarifa Social<\/h2>\n\n\n\n<p>Para ter acesso \u00e0 Tarifa Social de Energia El\u00e9trica, \u00e9 necess\u00e1rio atender a certos crit\u00e9rios estabelecidos pelo governo, como:<\/p>\n\n\n\n<p><strong>Renda Familiar:<\/strong> A fam\u00edlia precisa ter renda mensal per capita igual ou inferior a meio sal\u00e1rio m\u00ednimo.<\/p>\n\n\n\n<p><strong>Cadastro em Programas Sociais:<\/strong> Estar inscrito em programas sociais do governo, como o Bolsa Fam\u00edlia, Benef\u00edcio de Presta\u00e7\u00e3o Continuada (BPC) ou outros programas espec\u00edficos.<\/p>\n\n\n\n<p><strong>N\u00famero de Integrantes da Fam\u00edlia:<\/strong> O n\u00famero de integrantes na fam\u00edlia tamb\u00e9m \u00e9 considerado para a elegibilidade ao programa.<\/p>\n\n\n\n<p><strong>Benef\u00edcios e Impacto da Tarifa Social de Energia El\u00e9trica<\/strong><\/p>\n\n\n\n<p>O principal benef\u00edcio da Tarifa Social \u00e9 a redu\u00e7\u00e3o significativa na conta de luz, aliviando o peso dos gastos com energia para as fam\u00edlias de baixa renda. <\/p>\n\n\n\n<p>Al\u00e9m disso, esse programa contribui para garantir o acesso dessas fam\u00edlias a um servi\u00e7o essencial para a qualidade de vida, como ilumina\u00e7\u00e3o, refrigera\u00e7\u00e3o e uso de eletrodom\u00e9sticos b\u00e1sicos.<\/p>\n\n\n\n<h2 class=\"wp-block-heading\">Como Solicitar a Tarifa Social de Energia El\u00e9trica<\/h2>\n\n\n\n<p>Para solicitar a Tarifa Social de Energia El\u00e9trica, \u00e9 necess\u00e1rio seguir algumas etapas espec\u00edficas:<\/p>\n\n\n\n<p><strong>Verifica\u00e7\u00e3o de Elegibilidade:<\/strong> Confirme se voc\u00ea atende aos crit\u00e9rios estabelecidos para se qualificar ao programa, como renda familiar per capita e participa\u00e7\u00e3o em programas sociais.<\/p>\n\n\n\n<p><strong>Re\u00fana a Documenta\u00e7\u00e3o Necess\u00e1ria:<\/strong> Providencie os documentos exigidos, como CPF, RG, comprovante de resid\u00eancia, comprovante de participa\u00e7\u00e3o em programas sociais e o N\u00famero de Identifica\u00e7\u00e3o Social (NIS).<\/p>\n\n\n\n<p><strong>Procure a Distribuidora de Energia:<\/strong> Entre em contato com a distribuidora de energia el\u00e9trica respons\u00e1vel pela sua regi\u00e3o ou v\u00e1 pessoalmente a um posto de atendimento.<\/p>\n\n\n\n<p><strong>Solicite o Cadastro na Tarifa Social:<\/strong> Apresente toda a documenta\u00e7\u00e3o necess\u00e1ria e preencha os formul\u00e1rios de solicita\u00e7\u00e3o do benef\u00edcio.<\/p>\n\n\n\n<p><strong>Acompanhe o Processo:<\/strong> Fique atento ao andamento da solicita\u00e7\u00e3o, podendo verificar o status online ou por meio de contato telef\u00f4nico.<\/p>\n\n\n\n<h2 class=\"wp-block-heading\">Benef\u00edcios Adicionais da Tarifa Social de Energia El\u00e9trica<\/h2>\n\n\n\n<p>Al\u00e9m do desconto na conta de luz, a Tarifa Social pode oferecer outros benef\u00edcios, como:<\/p>\n\n\n\n<p><strong>Bandeira Tarif\u00e1ria Reduzida:<\/strong> Durante determinados per\u00edodos, as fam\u00edlias cadastradas na Tarifa Social podem pagar menos em situa\u00e7\u00f5es de bandeira tarif\u00e1ria amarela ou vermelha.<\/p>\n\n\n\n<p><strong>Isen\u00e7\u00e3o ou Redu\u00e7\u00e3o de Taxas:<\/strong> Algumas distribuidoras podem oferecer isen\u00e7\u00e3o ou redu\u00e7\u00e3o de taxa de ilumina\u00e7\u00e3o p\u00fablica.<\/p>\n\n\n\n<p><strong>Acesso a Programas de Efici\u00eancia Energ\u00e9tica:<\/strong> Participa\u00e7\u00e3o em programas de incentivo \u00e0 economia de energia.<\/p>\n\n\n\n<h2 class=\"wp-block-heading\">A Import\u00e2ncia da Conscientiza\u00e7\u00e3o e Atualiza\u00e7\u00e3o no Cadastro<\/h2>\n\n\n\n<p>\u00c9 essencial que as fam\u00edlias beneficiadas estejam cientes dos crit\u00e9rios de elegibilidade e mantenham seus cadastros atualizados nos programas sociais. <\/p>\n\n\n\n<p>A conscientiza\u00e7\u00e3o sobre a Tarifa Social e a import\u00e2ncia de manter as informa\u00e7\u00f5es sempre atualizadas s\u00e3o fundamentais para garantir a continuidade do benef\u00edcio.<\/p>\n\n\n\n<p>A divulga\u00e7\u00e3o eficaz da Tarifa Social \u00e9 fundamental para garantir que as fam\u00edlias eleg\u00edveis tenham conhecimento e acesso ao benef\u00edcio.<\/p>\n\n\n\n<p> Estrat\u00e9gias como campanhas educativas, material informativo em locais estrat\u00e9gicos, parcerias com organiza\u00e7\u00f5es sociais e ampla divulga\u00e7\u00e3o nos meios de comunica\u00e7\u00e3o s\u00e3o essenciais para alcan\u00e7ar aqueles que podem se beneficiar do programa.<\/p>\n\n\n\n<h2 class=\"wp-block-heading\">Conclus\u00e3o: Passo a Passo Simples para Acesso \u00e0 Tarifa Social de Energia El\u00e9trica<\/h2>\n\n\n\n<ol>\n<li><strong>Verifique sua Elegibilidade:<\/strong> Confira se sua renda familiar per capita e participa\u00e7\u00e3o em programas sociais atendem aos crit\u00e9rios.<\/li>\n\n\n\n<li><strong>Re\u00fana a Documenta\u00e7\u00e3o Necess\u00e1ria:<\/strong> Certifique-se de ter todos os documentos exigidos em m\u00e3os.<\/li>\n\n\n\n<li><strong>Procure a Distribuidora de Energia:<\/strong> Dirija-se a um posto de atendimento ou entre em contato com a distribuidora de energia de sua regi\u00e3o.<\/li>\n\n\n\n<li><strong>Solicite o Cadastro na Tarifa Social:<\/strong> Apresente os documentos necess\u00e1rios e preencha os formul\u00e1rios de solicita\u00e7\u00e3o.<\/li>\n\n\n\n<li><strong>Acompanhe o Processo:<\/strong> Fique atento ao andamento da solicita\u00e7\u00e3o e mantenha seus dados atualizados nos programas sociais.<\/li>\n<\/ol>\n\n\n\n<p>Seguindo esses passos, \u00e9 poss\u00edvel ter acesso \u00e0 Tarifa Social de Energia El\u00e9trica, um programa valioso que oferece descontos significativos na conta de luz, proporcionando al\u00edvio financeiro para fam\u00edlias de baixa renda.<\/p>\n\n\n\n<p>As distribuidoras de energia desempenham um papel fundamental na aplica\u00e7\u00e3o da Tarifa Social, pois s\u00e3o respons\u00e1veis por conceder e gerenciar os descontos nas contas de luz.<\/p>\n\n\n\n<p> Essas empresas devem oferecer atendimento qualificado, orienta\u00e7\u00e3o sobre o programa e garantir que os descontos sejam aplicados corretamente, assegurando que as fam\u00edlias de baixa renda recebam o benef\u00edcio ao qual t\u00eam direito.<\/p>\n","protected":false},"excerpt":{"rendered":"<p>A Tarifa Social de Energia El\u00e9trica \u00e9 um programa criado pelo governo para oferecer descontos na conta de luz \u00e0s fam\u00edlias de baixa renda. Essa iniciativa visa proporcionar maior acessibilidade aos servi\u00e7os b\u00e1sicos de energia el\u00e9trica, contribuindo para a redu\u00e7\u00e3o das desigualdades sociais e auxiliando na diminui\u00e7\u00e3o do impacto dos gastos com energia no or\u00e7amento [&hellip;]<\/p>\n","protected":false},"author":1,"featured_media":0,"comment_status":"open","ping_status":"open","sticky":false,"template":"","format":"standard","meta":{"footnotes":""},"categories":[1],"tags":[36],"_links":{"self":[{"href":"https:\/\/programassociais.net\/index.php\/wp-json\/wp\/v2\/posts\/201"}],"collection":[{"href":"https:\/\/programassociais.net\/index.php\/wp-json\/wp\/v2\/posts"}],"about":[{"href":"https:\/\/programassociais.net\/index.php\/wp-json\/wp\/v2\/types\/post"}],"author":[{"embeddable":true,"href":"https:\/\/programassociais.net\/index.php\/wp-json\/wp\/v2\/users\/1"}],"replies":[{"embeddable":true,"href":"https:\/\/programassociais.net\/index.php\/wp-json\/wp\/v2\/comments?post=201"}],"version-history":[{"count":2,"href":"https:\/\/programassociais.net\/index.php\/wp-json\/wp\/v2\/posts\/201\/revisions"}],"predecessor-version":[{"id":203,"href":"https:\/\/programassociais.net\/index.php\/wp-json\/wp\/v2\/posts\/201\/revisions\/203"}],"wp:attachment":[{"href":"https:\/\/programassociais.net\/index.php\/wp-json\/wp\/v2\/media?parent=201"}],"wp:term":[{"taxonomy":"category","embeddable":true,"href":"https:\/\/programassociais.net\/index.php\/wp-json\/wp\/v2\/categories?post=201"},{"taxonomy":"post_tag","embeddable":true,"href":"https:\/\/programassociais.net\/index.php\/wp-json\/wp\/v2\/tags?post=201"}],"curies":[{"name":"wp","href":"https:\/\/api.w.org\/{rel}","templated":true}]}}