{"id":107,"date":"2024-01-02T23:24:07","date_gmt":"2024-01-03T02:24:07","guid":{"rendered":"https:\/\/programassociais.net\/?p=107"},"modified":"2024-01-03T20:03:59","modified_gmt":"2024-01-03T23:03:59","slug":"pronasci-promovendo-a-seguranca-nas-comunidades","status":"publish","type":"post","link":"https:\/\/programassociais.net\/index.php\/2024\/01\/02\/pronasci-promovendo-a-seguranca-nas-comunidades\/","title":{"rendered":"PRONASCI: Promovendo a seguran\u00e7a nas comunidades"},"content":{"rendered":"\n<p>O Programa Nacional de Seguran\u00e7a P\u00fablica com Cidadania (PRONASCI) \u00e9 uma iniciativa governamental brasileira que visa enfrentar os desafios relacionados \u00e0 seguran\u00e7a p\u00fablica, promovendo a\u00e7\u00f5es integradas e abrangentes em diversas \u00e1reas. <\/p>\n\n\n\n<p>Desde sua implementa\u00e7\u00e3o, o PRONASCI tem sido um marco na busca por solu\u00e7\u00f5es eficazes para a criminalidade e viol\u00eancia, priorizando a preven\u00e7\u00e3o e a integra\u00e7\u00e3o social nas comunidades.<\/p>\n\n\n\n<p>Ao longo dos anos, o PRONASCI apresentou resultados significativos na redu\u00e7\u00e3o da criminalidade e na melhoria da qualidade de vida em diversas comunidades. <\/p>\n\n\n\n<figure class=\"wp-block-image size-large\"><img decoding=\"async\" loading=\"lazy\" width=\"1024\" height=\"576\" src=\"https:\/\/programassociais.net\/wp-content\/uploads\/2024\/01\/image-25-1024x576.png\" alt=\"\" class=\"wp-image-108\" srcset=\"https:\/\/programassociais.net\/wp-content\/uploads\/2024\/01\/image-25-1024x576.png 1024w, https:\/\/programassociais.net\/wp-content\/uploads\/2024\/01\/image-25-300x169.png 300w, https:\/\/programassociais.net\/wp-content\/uploads\/2024\/01\/image-25-768x432.png 768w, https:\/\/programassociais.net\/wp-content\/uploads\/2024\/01\/image-25.png 1280w\" sizes=\"(max-width: 1024px) 100vw, 1024px\" \/><\/figure>\n\n\n\n<h2 class=\"wp-block-heading\" style=\"font-size:28px\">Origens e Objetivos do PRONASCI<\/h2>\n\n\n\n<p>O PRONASCI foi lan\u00e7ado em 2007, durante o governo federal de Luiz In\u00e1cio Lula da Silva, como uma resposta \u00e0 necessidade de combater a viol\u00eancia e promover a cidadania em \u00e1reas vulner\u00e1veis. <\/p>\n\n\n\n<p>Seus principais objetivos incluem a integra\u00e7\u00e3o entre os \u00f3rg\u00e3os de seguran\u00e7a p\u00fablica, a\u00e7\u00f5es de preven\u00e7\u00e3o \u00e0 viol\u00eancia, fortalecimento das pol\u00edticas sociais e a promo\u00e7\u00e3o de oportunidades para jovens em situa\u00e7\u00e3o de risco.<\/p>\n\n\n\n<p>Proporcionar uma maior integra\u00e7\u00e3o entre pol\u00edticas de seguran\u00e7a p\u00fablica, justi\u00e7a, preven\u00e7\u00e3o \u00e0 criminalidade e inclus\u00e3o social.<\/p>\n\n\n\n<p>Focar em a\u00e7\u00f5es preventivas que abordem as causas estruturais da criminalidade, como pobreza, desigualdade social, falta de oportunidades e acesso \u00e0 educa\u00e7\u00e3o.<\/p>\n\n\n\n<p>O PRONASCI foi estruturado em diversos eixos, incluindo a\u00e7\u00f5es de preven\u00e7\u00e3o social da viol\u00eancia, capacita\u00e7\u00e3o de profissionais de seguran\u00e7a, fortalecimento institucional, pol\u00edticas para juventude, entre outros. <\/p>\n\n\n\n<p>Embora tenha sido um programa abrangente, enfrentou desafios e cr\u00edticas ao longo do tempo, mas seu legado contribuiu para debates e a\u00e7\u00f5es voltadas \u00e0 seguran\u00e7a p\u00fablica no Brasil.<\/p>\n\n\n\n<h2 class=\"wp-block-heading\" style=\"font-size:28px\">Integra\u00e7\u00e3o de pol\u00edticas de seguran\u00e7a e social<\/h2>\n\n\n\n<p>Uma das caracter\u00edsticas fundamentais do PRONASCI \u00e9 a integra\u00e7\u00e3o entre pol\u00edticas de seguran\u00e7a p\u00fablica e social.<\/p>\n\n\n\n<p> Isso envolve a articula\u00e7\u00e3o entre diversos \u00f3rg\u00e3os e institui\u00e7\u00f5es, como as pol\u00edcias estaduais, minist\u00e9rios, secretarias municipais, organiza\u00e7\u00f5es n\u00e3o governamentais (ONGs) e a comunidade em si. <\/p>\n\n\n\n<p>Essa sinergia permite a implementa\u00e7\u00e3o de estrat\u00e9gias que v\u00e3o al\u00e9m do enfrentamento direto da criminalidade, priorizando medidas preventivas e de inclus\u00e3o social.<\/p>\n\n\n\n<p>O programa visa n\u00e3o apenas \u00e0 repress\u00e3o ao crime, mas tamb\u00e9m \u00e0 preven\u00e7\u00e3o por meio de a\u00e7\u00f5es que proporcionem mais seguran\u00e7a \u00e0s comunidades. <\/p>\n\n\n\n<p>Com investimentos em programas educacionais, culturais, esportivos e de capacita\u00e7\u00e3o profissional, busca-se oferecer alternativas aos jovens que vivem em \u00e1reas de vulnerabilidade, afastando-os do envolvimento com a criminalidade.<\/p>\n\n\n\n<h2 class=\"wp-block-heading\" style=\"font-size:28px\">Promo\u00e7\u00e3o da cidadania e dos direitos humanos<\/h2>\n\n\n\n<p>O PRONASCI tem como pilar a promo\u00e7\u00e3o da cidadania e dos direitos humanos, buscando garantir o acesso a direitos fundamentais para todos os cidad\u00e3os.<\/p>\n\n\n\n<p> Isso inclui a\u00e7\u00f5es de inclus\u00e3o social, respeito \u00e0 diversidade, prote\u00e7\u00e3o aos direitos das minorias e fomento \u00e0 participa\u00e7\u00e3o c\u00edvica.<\/p>\n\n\n\n<p>Embora os desafios sejam persistentes, especialmente em regi\u00f5es mais vulner\u00e1veis, o programa tem contribu\u00eddo para a diminui\u00e7\u00e3o dos \u00edndices de viol\u00eancia.<\/p>\n\n\n\n<p>Em algumas \u00e1reas espec\u00edficas, al\u00e9m de promover a inclus\u00e3o social e a sensa\u00e7\u00e3o de seguran\u00e7a entre os moradores.<\/p>\n\n\n\n<h2 class=\"wp-block-heading\" style=\"font-size:28px\">Redu\u00e7\u00e3o dos \u00edndices de criminalidade<\/h2>\n\n\n\n<p>Em v\u00e1rias localidades atendidas pelo PRONASCI, houve uma redu\u00e7\u00e3o percept\u00edvel nos \u00edndices de criminalidade.<\/p>\n\n\n\n<p> Isso \u00e9 resultado das a\u00e7\u00f5es integradas de preven\u00e7\u00e3o ao crime, do fortalecimento das pol\u00edticas sociais e do incentivo \u00e0 participa\u00e7\u00e3o da comunidade na constru\u00e7\u00e3o de um ambiente mais seguro.<\/p>\n\n\n\n<p>Al\u00e9m da diminui\u00e7\u00e3o da criminalidade, o programa contribuiu para a inclus\u00e3o social e a melhoria da qualidade de vida em diversas comunidades.<\/p>\n\n\n\n<p> Atrav\u00e9s de investimentos em educa\u00e7\u00e3o, cultura, esporte, lazer e gera\u00e7\u00e3o de emprego e renda, o PRONASCI proporciona oportunidades para jovens e moradores das \u00e1reas beneficiadas.<\/p>\n\n\n\n<h2 class=\"wp-block-heading\" style=\"font-size:28px\">Participa\u00e7\u00e3o comunit\u00e1ria e fortalecimento do sentimento de pertencimento<\/h2>\n\n\n\n<p>Outro impacto relevante \u00e9 o fortalecimento do sentimento de pertencimento e participa\u00e7\u00e3o comunit\u00e1ria. <\/p>\n\n\n\n<p>Com a\u00e7\u00f5es que incentivam a uni\u00e3o entre os moradores, promovem o di\u00e1logo e envolvem a popula\u00e7\u00e3o na constru\u00e7\u00e3o de solu\u00e7\u00f5es para os desafios locais,<\/p>\n\n\n\n<p>Promover a participa\u00e7\u00e3o comunit\u00e1ria exige esfor\u00e7os conjuntos de l\u00edderes locais, organiza\u00e7\u00f5es da sociedade civil, institui\u00e7\u00f5es governamentais e, principalmente, o engajamento ativo dos cidad\u00e3os. <\/p>\n\n\n\n<p>Incentivar oportunidades para que as pessoas contribuam para o bem-estar de suas comunidades \u00e9 essencial para fortalecer la\u00e7os sociais, promover a seguran\u00e7a e construir um ambiente comunit\u00e1rio mais resiliente.<\/p>\n\n\n\n<p>A participa\u00e7\u00e3o comunit\u00e1ria pode promover um ambiente inclusivo, respeitando e valorizando a diversidade de opini\u00f5es, culturas e backgrounds, criando uma comunidade mais acolhedora e equitativa.<\/p>\n\n\n\n<h2 class=\"wp-block-heading\" style=\"font-size:28px\">Conclus\u00e3o: Como contribuir para a seguran\u00e7a na sua comunidade com o PRONASCI<\/h2>\n\n\n\n<ol>\n<li><strong>Conhe\u00e7a os programas locais<\/strong>: Informe-se sobre os programas e iniciativas do PRONASCI na sua regi\u00e3o atrav\u00e9s das secretarias municipais ou \u00f3rg\u00e3os de seguran\u00e7a p\u00fablica.<\/li>\n\n\n\n<li><strong>Participe de a\u00e7\u00f5es comunit\u00e1rias<\/strong>: Engaje-se em atividades promovidas pela comunidade para fortalecer os la\u00e7os sociais e contribuir para um ambiente mais seguro e inclusivo.<\/li>\n\n\n\n<li><strong>Denuncie atividades criminosas<\/strong>: Colabore com as autoridades locais denunciando atividades criminosas e contribua para a manuten\u00e7\u00e3o da seguran\u00e7a na sua regi\u00e3o.<\/li>\n<\/ol>\n\n\n\n<p>O PRONASCI continua sendo uma ferramenta essencial na busca por solu\u00e7\u00f5es integradas para a seguran\u00e7a p\u00fablica e social no Brasil. <\/p>\n\n\n\n<p>Seus resultados positivos e impactos nas comunidades demonstram a import\u00e2ncia de programas que promovam a integra\u00e7\u00e3o entre pol\u00edticas de seguran\u00e7a e a\u00e7\u00f5es sociais, visando \u00e0 constru\u00e7\u00e3o de uma sociedade mais segura e justa para todos.<\/p>\n","protected":false},"excerpt":{"rendered":"<p>O Programa Nacional de Seguran\u00e7a P\u00fablica com Cidadania (PRONASCI) \u00e9 uma iniciativa governamental brasileira que visa enfrentar os desafios relacionados \u00e0 seguran\u00e7a p\u00fablica, promovendo a\u00e7\u00f5es integradas e abrangentes em diversas \u00e1reas. Desde sua implementa\u00e7\u00e3o, o PRONASCI tem sido um marco na busca por solu\u00e7\u00f5es eficazes para a criminalidade e viol\u00eancia, priorizando a preven\u00e7\u00e3o e a [&hellip;]<\/p>\n","protected":false},"author":1,"featured_media":108,"comment_status":"open","ping_status":"open","sticky":false,"template":"","format":"standard","meta":{"footnotes":""},"categories":[1],"tags":[29],"_links":{"self":[{"href":"https:\/\/programassociais.net\/index.php\/wp-json\/wp\/v2\/posts\/107"}],"collection":[{"href":"https:\/\/programassociais.net\/index.php\/wp-json\/wp\/v2\/posts"}],"about":[{"href":"https:\/\/programassociais.net\/index.php\/wp-json\/wp\/v2\/types\/post"}],"author":[{"embeddable":true,"href":"https:\/\/programassociais.net\/index.php\/wp-json\/wp\/v2\/users\/1"}],"replies":[{"embeddable":true,"href":"https:\/\/programassociais.net\/index.php\/wp-json\/wp\/v2\/comments?post=107"}],"version-history":[{"count":3,"href":"https:\/\/programassociais.net\/index.php\/wp-json\/wp\/v2\/posts\/107\/revisions"}],"predecessor-version":[{"id":114,"href":"https:\/\/programassociais.net\/index.php\/wp-json\/wp\/v2\/posts\/107\/revisions\/114"}],"wp:featuredmedia":[{"embeddable":true,"href":"https:\/\/programassociais.net\/index.php\/wp-json\/wp\/v2\/media\/108"}],"wp:attachment":[{"href":"https:\/\/programassociais.net\/index.php\/wp-json\/wp\/v2\/media?parent=107"}],"wp:term":[{"taxonomy":"category","embeddable":true,"href":"https:\/\/programassociais.net\/index.php\/wp-json\/wp\/v2\/categories?post=107"},{"taxonomy":"post_tag","embeddable":true,"href":"https:\/\/programassociais.net\/index.php\/wp-json\/wp\/v2\/tags?post=107"}],"curies":[{"name":"wp","href":"https:\/\/api.w.org\/{rel}","templated":true}]}}